{"id":1004,"date":"2010-02-03T17:34:44","date_gmt":"2010-02-03T16:34:44","guid":{"rendered":"http:\/\/blogs.elpunt.cat\/carlesribera\/?p=1004"},"modified":"2010-02-03T18:03:14","modified_gmt":"2010-02-03T17:03:14","slug":"vegueries","status":"publish","type":"post","link":"https:\/\/blogs.elpunt.cat\/carlesribera\/2010\/02\/03\/vegueries\/","title":{"rendered":"Vegueries"},"content":{"rendered":"<p style=\"text-align: justify\">La idea de retornar l\u2019organitzaci\u00f3 territorial del pa\u00eds als seus or\u00edgens hist\u00f2rics (que aix\u00f2 tamb\u00e9 est\u00e0 per veure, si pregunteu a algun historiador) \u00e9s molt lloable i molt justa, per\u00f2 em sembla molt que en aquests moments resulta m\u00e9s aviat inoportuna, inoperant i absolutament innecess\u00e0ria i fora de lloc. En primer lloc, perqu\u00e8 despr\u00e9s de gaireb\u00e9 dos-cents anys, l\u2019\u00fanic defecte que t\u00e9 l\u2019organitzaci\u00f3 territorial actual en prov\u00edncies \u00e9s que se la van inventar els espanyols, per\u00f2 llevat d\u2019aix\u00f2, i tractant-se d\u2019una distribuci\u00f3 purament administrativa, si la cosa rutlla val m\u00e9s no tocar gaire res, no fos cas, per exemple, que els de Tarragona i Reus acabessin a pinyes per una collonada tan insignificant. En segon i \u00faltim lloc, l\u2019ordenaci\u00f3 territorial que interessa m\u00e9s a la ciutadania, cosa que est\u00e0 demostrant a cop de refer\u00e8ndum popular, no \u00e9s pas la que organitza Catalunya per dintre sin\u00f3 la que l\u2019organitza per fora. \u00c9s a dir, que all\u00f2 que urgeix ara mateix als catalans no \u00e9s pas que les quatre prov\u00edncies actuals deixin de ser prov\u00edncies, sin\u00f3 que deixin de ser espanyoles.<\/p>\n","protected":false},"excerpt":{"rendered":"<p>La idea de retornar l\u2019organitzaci\u00f3 territorial del pa\u00eds als seus or\u00edgens hist\u00f2rics (que aix\u00f2 tamb\u00e9 est\u00e0 per veure, si pregunteu a algun historiador) \u00e9s molt lloable i molt justa, per\u00f2 em sembla molt que en aquests moments resulta m\u00e9s aviat inoportuna, inoperant i absolutament innecess\u00e0ria i fora de lloc. En primer lloc, perqu\u00e8 despr\u00e9s de [&hellip;]<\/p>\n","protected":false},"author":5,"featured_media":0,"comment_status":"open","ping_status":"closed","sticky":false,"template":"","format":"standard","meta":{"footnotes":""},"categories":[5403,648],"tags":[5405],"class_list":["post-1004","post","type-post","status-publish","format-standard","hentry","category-musiquetes","category-pais-patit","tag-pais-patit"],"jetpack_featured_media_url":"","_links":{"self":[{"href":"https:\/\/blogs.elpunt.cat\/carlesribera\/wp-json\/wp\/v2\/posts\/1004","targetHints":{"allow":["GET"]}}],"collection":[{"href":"https:\/\/blogs.elpunt.cat\/carlesribera\/wp-json\/wp\/v2\/posts"}],"about":[{"href":"https:\/\/blogs.elpunt.cat\/carlesribera\/wp-json\/wp\/v2\/types\/post"}],"author":[{"embeddable":true,"href":"https:\/\/blogs.elpunt.cat\/carlesribera\/wp-json\/wp\/v2\/users\/5"}],"replies":[{"embeddable":true,"href":"https:\/\/blogs.elpunt.cat\/carlesribera\/wp-json\/wp\/v2\/comments?post=1004"}],"version-history":[{"count":6,"href":"https:\/\/blogs.elpunt.cat\/carlesribera\/wp-json\/wp\/v2\/posts\/1004\/revisions"}],"predecessor-version":[{"id":1042,"href":"https:\/\/blogs.elpunt.cat\/carlesribera\/wp-json\/wp\/v2\/posts\/1004\/revisions\/1042"}],"wp:attachment":[{"href":"https:\/\/blogs.elpunt.cat\/carlesribera\/wp-json\/wp\/v2\/media?parent=1004"}],"wp:term":[{"taxonomy":"category","embeddable":true,"href":"https:\/\/blogs.elpunt.cat\/carlesribera\/wp-json\/wp\/v2\/categories?post=1004"},{"taxonomy":"post_tag","embeddable":true,"href":"https:\/\/blogs.elpunt.cat\/carlesribera\/wp-json\/wp\/v2\/tags?post=1004"}],"curies":[{"name":"wp","href":"https:\/\/api.w.org\/{rel}","templated":true}]}}