{"id":1148,"date":"2010-06-10T19:39:38","date_gmt":"2010-06-10T18:39:38","guid":{"rendered":"http:\/\/blogs.elpunt.cat\/carlesribera\/?p=1148"},"modified":"2010-06-10T19:39:38","modified_gmt":"2010-06-10T18:39:38","slug":"%c2%abancha-no-es-castilla%c2%bb","status":"publish","type":"post","link":"https:\/\/blogs.elpunt.cat\/carlesribera\/2010\/06\/10\/%c2%abancha-no-es-castilla%c2%bb\/","title":{"rendered":"\u00abAncha (no) es Castilla\u00bb"},"content":{"rendered":"<p style=\"text-align: justify\">Els ministres de Transports europeus van comen\u00e7ar a encarrilar ahir la decisi\u00f3 sobre si fan passar el corredor de mercaderies ferroviari pel centre de la pen\u00ednsula Ib\u00e8rica o, com tot sembla apuntar, per la Mediterr\u00e0nia.<br \/>\nFer-ho per l\u2019interior \u00e9s abocar l\u2019esperan\u00e7a econ\u00f2mica de Catalunya al corredor de la mort. Sobre el mapa i amb dades t\u00e8cniques i cremat\u00edstiques a les mans, \u00e9s de calaix que la millor opci\u00f3 \u00e9s que aquesta art\u00e8ria vital per al dinamisme comercial europeu passi arran de mar, una decisi\u00f3 que no faria altra cosa que ser absolutament coherent amb els milers d\u2019anys d\u2019hist\u00f2ria que ens ensenyen que aquesta via natural ha estat el cam\u00ed de l\u2019intercanvi entre el nord del continent i el sud no nom\u00e9s del continent sin\u00f3 de m\u00e9s avall i tot.<br \/>\nEls aragonesos diran que ells no en tenen cap culpa, de viure en una part del planeta que no \u00e9s terra de pas. I argumentaran que acollir el tra\u00e7at d\u2019aquesta infraestructura els podria anar b\u00e9 de cara a la revitalitzaci\u00f3 regional. Cert. Per\u00f2 els podria anar igualment b\u00e9 (i aix\u00f2 els sortiria molt m\u00e9s barat) deixar de donar l\u2019esquena a Catalunya i mirar-la com la seva aliada natural a l\u2019hora d\u2019obrir-se al m\u00f3n, cosa que tamb\u00e9 demostra la hist\u00f2ria almenys fins que Castella va decidir eixamplar-se.<br \/>\nEl Corredor Mediterrani, doncs, \u00e9s el m\u00e9s indicat si els que han de decidir-ho es guien pel seny. Per\u00f2 aix\u00f2 no significa pas que Europa acabi adoptant una decisi\u00f3 assenyada. Perqu\u00e8 Espanya, debilitada ara en el context europeu, de cor optaria per arraconar-nos perqu\u00e8, en el fons, a l\u2019hora de la veritat saben que Castella no \u00e9s tan ampla i en aquests assumptes mentalment tracten Catalunya com un afer exterior. En tot cas, el millor que tenim a favor \u00e9s que el Corredor Mediterrani no \u00e9s nom\u00e9s una bona opci\u00f3 per a Catalunya: ho \u00e9s sobretot per a Europa. <strong>(<em>Publicat a l&#8217;Avui el 10 de juny de 2010<\/em>)<\/strong><\/p>\n","protected":false},"excerpt":{"rendered":"<p>Els ministres de Transports europeus van comen\u00e7ar a encarrilar ahir la decisi\u00f3 sobre si fan passar el corredor de mercaderies ferroviari pel centre de la pen\u00ednsula Ib\u00e8rica o, com tot sembla apuntar, per la Mediterr\u00e0nia. Fer-ho per l\u2019interior \u00e9s abocar l\u2019esperan\u00e7a econ\u00f2mica de Catalunya al corredor de la mort. Sobre el mapa i amb dades [&hellip;]<\/p>\n","protected":false},"author":5,"featured_media":0,"comment_status":"closed","ping_status":"closed","sticky":false,"template":"","format":"standard","meta":{"footnotes":""},"categories":[648],"tags":[5405],"class_list":["post-1148","post","type-post","status-publish","format-standard","hentry","category-pais-patit","tag-pais-patit"],"jetpack_featured_media_url":"","_links":{"self":[{"href":"https:\/\/blogs.elpunt.cat\/carlesribera\/wp-json\/wp\/v2\/posts\/1148","targetHints":{"allow":["GET"]}}],"collection":[{"href":"https:\/\/blogs.elpunt.cat\/carlesribera\/wp-json\/wp\/v2\/posts"}],"about":[{"href":"https:\/\/blogs.elpunt.cat\/carlesribera\/wp-json\/wp\/v2\/types\/post"}],"author":[{"embeddable":true,"href":"https:\/\/blogs.elpunt.cat\/carlesribera\/wp-json\/wp\/v2\/users\/5"}],"replies":[{"embeddable":true,"href":"https:\/\/blogs.elpunt.cat\/carlesribera\/wp-json\/wp\/v2\/comments?post=1148"}],"version-history":[{"count":1,"href":"https:\/\/blogs.elpunt.cat\/carlesribera\/wp-json\/wp\/v2\/posts\/1148\/revisions"}],"predecessor-version":[{"id":1149,"href":"https:\/\/blogs.elpunt.cat\/carlesribera\/wp-json\/wp\/v2\/posts\/1148\/revisions\/1149"}],"wp:attachment":[{"href":"https:\/\/blogs.elpunt.cat\/carlesribera\/wp-json\/wp\/v2\/media?parent=1148"}],"wp:term":[{"taxonomy":"category","embeddable":true,"href":"https:\/\/blogs.elpunt.cat\/carlesribera\/wp-json\/wp\/v2\/categories?post=1148"},{"taxonomy":"post_tag","embeddable":true,"href":"https:\/\/blogs.elpunt.cat\/carlesribera\/wp-json\/wp\/v2\/tags?post=1148"}],"curies":[{"name":"wp","href":"https:\/\/api.w.org\/{rel}","templated":true}]}}