{"id":1154,"date":"2010-06-15T13:01:11","date_gmt":"2010-06-15T12:01:11","guid":{"rendered":"http:\/\/blogs.elpunt.cat\/carlesribera\/?p=1154"},"modified":"2010-06-15T13:01:51","modified_gmt":"2010-06-15T12:01:51","slug":"mundial","status":"publish","type":"post","link":"https:\/\/blogs.elpunt.cat\/carlesribera\/2010\/06\/15\/mundial\/","title":{"rendered":"Mundial"},"content":{"rendered":"<p style=\"text-align: justify\"><strong>Aquest mes Espanya est\u00e0 paralitzada. Aquest mes?<\/strong> Fa mesos que est\u00e0 en estat de par\u00e0lisi, em direu vosaltres. Per\u00f2 no em refereixo pas a la situaci\u00f3 econ\u00f2mica. Parlo del futbol. Un futbol que de vegades, com amb el Campionat del M\u00f3n de seleccions nacionals, es demostra que no \u00e9s pas nom\u00e9s un esport. M\u2019hi jugaria un p\u00e8sol, qu\u00e8 un p\u00e8sol, m\u2019hi jugaria una pesolera, que un dels ciutadans m\u00e9s interessats que l\u2019equip dels nostres ve\u00efns espanyols guanyi el Mundial de Sud-\u00e0frica \u00e9s el senyor Jos\u00e9 Luis Rodr\u00edguez Zapatero. Res no li aniria millor per llimar crispaci\u00f3 i per superar les hores baixes generalitzades que viuen el seu govern i la ciutadania en general, ciutadania entre la qual ens trobem molts catalans que no voldr\u00edem haver de compartir aquesta unitat de dest\u00ed (all\u00f2 d\u2019en lo universal m\u2019ho estalvio), no pas perqu\u00e8 hi tinguem cap animadversi\u00f3 sin\u00f3 perqu\u00e8, senzillament, de ciutadania volem tenir la nostra pr\u00f2pia.<\/p>\n<p><strong>Ara podria fer una fil\u00edpica contra la frivolitat espanyola<\/strong> d\u2019utilitzar el futbol com una cortina de fum dels problemes reals i pontificar que aix\u00f2 \u00e9s ser un pa\u00eds poc seri\u00f3s i que quina poca talla i que bla, bla, bla. Per\u00f2 no ho dir\u00e9 pas perqu\u00e8 tots sabem que si en aquest Mundial hi jugu\u00e9s la selecci\u00f3 catalana tamb\u00e9 actuar\u00edem si fa no fa de la mateixa manera. El pa i el circ s\u00f3n una medecina global. I quan falla el pa, doble raci\u00f3 de circ.<\/p>\n<p><strong>Dissortadament, per\u00f2, no tenim pas selecci\u00f3 catalana<\/strong> per poder portar a la pr\u00e0ctica la meva suposici\u00f3. \u00c9s cert que, com que els espanyols aquest cop hi van forts, hi ha molts catalans que comencen a enganyar-se amb la cantarella que, de fet, no \u00e9s Espanya sin\u00f3 el Bar\u00e7a qui juga el Mundial. Deuen ser els mateixos que somien truites com ara l\u2019encaix de Catalunya a Espanya, o que el TC sentenciar\u00e0 amb seny. Ja s\u2019ho faran. I a Sud-\u00e0frica, que guanyi el Bar\u00e7a: for\u00e7a Messi.<\/p>\n<p>(Publicat a l&#8217;Avui el 14\/06\/2010)<\/p>\n","protected":false},"excerpt":{"rendered":"<p>Aquest mes Espanya est\u00e0 paralitzada. Aquest mes? Fa mesos que est\u00e0 en estat de par\u00e0lisi, em direu vosaltres. Per\u00f2 no em refereixo pas a la situaci\u00f3 econ\u00f2mica. Parlo del futbol. Un futbol que de vegades, com amb el Campionat del M\u00f3n de seleccions nacionals, es demostra que no \u00e9s pas nom\u00e9s un esport. M\u2019hi jugaria [&hellip;]<\/p>\n","protected":false},"author":5,"featured_media":0,"comment_status":"closed","ping_status":"closed","sticky":false,"template":"","format":"standard","meta":{"footnotes":""},"categories":[648],"tags":[5405],"class_list":["post-1154","post","type-post","status-publish","format-standard","hentry","category-pais-patit","tag-pais-patit"],"jetpack_featured_media_url":"","_links":{"self":[{"href":"https:\/\/blogs.elpunt.cat\/carlesribera\/wp-json\/wp\/v2\/posts\/1154","targetHints":{"allow":["GET"]}}],"collection":[{"href":"https:\/\/blogs.elpunt.cat\/carlesribera\/wp-json\/wp\/v2\/posts"}],"about":[{"href":"https:\/\/blogs.elpunt.cat\/carlesribera\/wp-json\/wp\/v2\/types\/post"}],"author":[{"embeddable":true,"href":"https:\/\/blogs.elpunt.cat\/carlesribera\/wp-json\/wp\/v2\/users\/5"}],"replies":[{"embeddable":true,"href":"https:\/\/blogs.elpunt.cat\/carlesribera\/wp-json\/wp\/v2\/comments?post=1154"}],"version-history":[{"count":3,"href":"https:\/\/blogs.elpunt.cat\/carlesribera\/wp-json\/wp\/v2\/posts\/1154\/revisions"}],"predecessor-version":[{"id":1157,"href":"https:\/\/blogs.elpunt.cat\/carlesribera\/wp-json\/wp\/v2\/posts\/1154\/revisions\/1157"}],"wp:attachment":[{"href":"https:\/\/blogs.elpunt.cat\/carlesribera\/wp-json\/wp\/v2\/media?parent=1154"}],"wp:term":[{"taxonomy":"category","embeddable":true,"href":"https:\/\/blogs.elpunt.cat\/carlesribera\/wp-json\/wp\/v2\/categories?post=1154"},{"taxonomy":"post_tag","embeddable":true,"href":"https:\/\/blogs.elpunt.cat\/carlesribera\/wp-json\/wp\/v2\/tags?post=1154"}],"curies":[{"name":"wp","href":"https:\/\/api.w.org\/{rel}","templated":true}]}}