{"id":1158,"date":"2010-06-18T11:27:01","date_gmt":"2010-06-18T10:27:01","guid":{"rendered":"http:\/\/blogs.elpunt.cat\/carlesribera\/?p=1158"},"modified":"2010-06-18T11:27:01","modified_gmt":"2010-06-18T10:27:01","slug":"el-catala-dona-feina","status":"publish","type":"post","link":"https:\/\/blogs.elpunt.cat\/carlesribera\/2010\/06\/18\/el-catala-dona-feina\/","title":{"rendered":"El catal\u00e0 d\u00f3na feina"},"content":{"rendered":"<div id=\"article-content\" class=\"article-content\">\n<p>Despr\u00e9s de llegir la lletra grossa, la lletra mitjana i la lletra petita del decret de reforma laboral costa ser optimista respecte de les possibilitats de reactivaci\u00f3 del mercat de treball, entenent per reactivaci\u00f3 no pas la possibilitat de quedar-se sense feina amb poca cosa m\u00e9s que una co\u00e7a al cul subvencionada per l&#8217;Estat, sin\u00f3 considerant que les reformes haurien de crear condicions per generar ocupaci\u00f3.<\/p>\n<p>Amb aquest panorama tan gald\u00f3s, quan et diuen que en un sector professional hi ha la possibilitat que s&#8217;incrementi la demanda de feina un 20 per cent penses que \u00e9s broma, que la dada est\u00e0 equivocada o b\u00e9 que es tracta d&#8217;una ocupaci\u00f3 relacionada amb noves tecnologies o vetes econ\u00f2miques ara mateix inexplorades.<\/p>\n<p style=\"text-align: justify\">Doncs no. La demanda que es veu que creixer\u00e0 ser\u00e0 la de professors de catal\u00e0. Es veu que l&#8217;onada de jubilacions de la primera fornada dels anys setanta est\u00e0 convergint amb l&#8217;allau de gent que ha anat arribant durant els \u00faltims anys i que tenen inter\u00e8s i\/o necessitat de con\u00e8ixer la llengua de les Tres Bessones. En un context de crisi econ\u00f2mica com el que vivim, i de crisi nacional com el que ens est\u00e0 matant si un refer\u00e8ndum de deb\u00f2 no hi posa remei (de moment, per\u00f2, a votar aquest diumenge), not\u00edcies com aquesta permeten entrellucar alguns brots verds. Els pessimistes em direu que el catal\u00e0 d\u00f3na feina perqu\u00e8 est\u00e0 tan fotut que cal un ex\u00e8rcit de fil\u00f2legs per salvar-lo. No m&#8217;aixafeu la guitarra, ara que m&#8217;havia posat tan content. A m\u00e9s, els idiomes els salva la gent que els vol parlar. I una societat que reclama mestres \u00e9s que t\u00e9 ganes d&#8217;aprendre. <em><strong>(Publicat a l&#8217;Avui el 18 de juny de 2010)<\/strong><\/em><\/p>\n<\/div>\n","protected":false},"excerpt":{"rendered":"<p>Despr\u00e9s de llegir la lletra grossa, la lletra mitjana i la lletra petita del decret de reforma laboral costa ser optimista respecte de les possibilitats de reactivaci\u00f3 del mercat de treball, entenent per reactivaci\u00f3 no pas la possibilitat de quedar-se sense feina amb poca cosa m\u00e9s que una co\u00e7a al cul subvencionada per l&#8217;Estat, sin\u00f3 [&hellip;]<\/p>\n","protected":false},"author":5,"featured_media":0,"comment_status":"closed","ping_status":"closed","sticky":false,"template":"","format":"standard","meta":{"footnotes":""},"categories":[648],"tags":[5405],"class_list":["post-1158","post","type-post","status-publish","format-standard","hentry","category-pais-patit","tag-pais-patit"],"jetpack_featured_media_url":"","_links":{"self":[{"href":"https:\/\/blogs.elpunt.cat\/carlesribera\/wp-json\/wp\/v2\/posts\/1158","targetHints":{"allow":["GET"]}}],"collection":[{"href":"https:\/\/blogs.elpunt.cat\/carlesribera\/wp-json\/wp\/v2\/posts"}],"about":[{"href":"https:\/\/blogs.elpunt.cat\/carlesribera\/wp-json\/wp\/v2\/types\/post"}],"author":[{"embeddable":true,"href":"https:\/\/blogs.elpunt.cat\/carlesribera\/wp-json\/wp\/v2\/users\/5"}],"replies":[{"embeddable":true,"href":"https:\/\/blogs.elpunt.cat\/carlesribera\/wp-json\/wp\/v2\/comments?post=1158"}],"version-history":[{"count":1,"href":"https:\/\/blogs.elpunt.cat\/carlesribera\/wp-json\/wp\/v2\/posts\/1158\/revisions"}],"predecessor-version":[{"id":1159,"href":"https:\/\/blogs.elpunt.cat\/carlesribera\/wp-json\/wp\/v2\/posts\/1158\/revisions\/1159"}],"wp:attachment":[{"href":"https:\/\/blogs.elpunt.cat\/carlesribera\/wp-json\/wp\/v2\/media?parent=1158"}],"wp:term":[{"taxonomy":"category","embeddable":true,"href":"https:\/\/blogs.elpunt.cat\/carlesribera\/wp-json\/wp\/v2\/categories?post=1158"},{"taxonomy":"post_tag","embeddable":true,"href":"https:\/\/blogs.elpunt.cat\/carlesribera\/wp-json\/wp\/v2\/tags?post=1158"}],"curies":[{"name":"wp","href":"https:\/\/api.w.org\/{rel}","templated":true}]}}