{"id":1163,"date":"2010-06-21T11:40:33","date_gmt":"2010-06-21T10:40:33","guid":{"rendered":"http:\/\/blogs.elpunt.cat\/carlesribera\/?p=1163"},"modified":"2010-06-21T11:40:33","modified_gmt":"2010-06-21T10:40:33","slug":"ara-no-es-hora-segadors","status":"publish","type":"post","link":"https:\/\/blogs.elpunt.cat\/carlesribera\/2010\/06\/21\/ara-no-es-hora-segadors\/","title":{"rendered":"Ara no \u00e9s hora, Segadors"},"content":{"rendered":"<p style=\"text-align: justify\">A molts militants convergents que porten mesos fent campanya entusiasta per les consultes sobiranistes segur que si els punxen no els treuen sang quan dissabte van sentir Artur Mas proclamant que ara no \u00e9s pas l\u2019hora, segadors. B\u00e9, fa tant de temps que els convergents es deixen estr\u00e8nyer peri\u00f2dicament el cilici nacional per recordar-se que s\u00f3n gent de seny i que el sobiranisme \u00e9s pecat (d\u2019obra: el de pensament, no), que ara mateix deuen estar lloant el l\u00edder conven\u00e7uts que s\u2019havien deixat endur per la rauxa, i tres parenostres i una avemaria de penit\u00e8ncia ho curaran, o eren tres avemaries i un parenostre, tant li fa.<br \/>\nEl m\u00e9s greu del cas, per\u00f2, no \u00e9s pas la punyalada en la vig\u00edlia d\u2019una de les onades sobiranistes, sin\u00f3 el justificant de la coltellada. Afirma Mas: \u201cCada cop hi ha m\u00e9s gent que creu que tenim dret a decidir el nostre futur. La fruita \u00e9s cada cop m\u00e9s madura. Per\u00f2 tamb\u00e9 la gent diu que quan aix\u00f2 es faci ha de ser per guanyar el futur, no per perdre\u2019l. La clau de Catalunya \u00e9s guanyar, perqu\u00e8 ja acumulem massa derrotes\u201d. L\u2019argument, doncs, \u00e9s di\u00e0fan: Catalunya nom\u00e9s hi guanyaria si sort\u00eds un s\u00ed a la independ\u00e8ncia. Interessant. Perqu\u00e8 d\u2019aqu\u00ed se\u2019n despr\u00e8n, primer, que Mas \u00e9s independentista. Segon, que el dret a decidir de Catalunya nom\u00e9s ho \u00e9s a decidir que s\u00ed. I, tercera, i en conseq\u00fc\u00e8ncia, que els que votessin no, farien perdre a Catalunya. El dret a decidir, senyor Mas, \u00e9s una altra cosa. \u00c9s poder escollir per nosaltres mateixos. El que sigui. I surti el que surti, Catalunya hi guanyar\u00e0, perqu\u00e8 ning\u00fa no haur\u00e0 triat per nosaltres. O \u00e9s que Catalunya nom\u00e9s som els que votar\u00edem s\u00ed?<\/p>\n","protected":false},"excerpt":{"rendered":"<p>A molts militants convergents que porten mesos fent campanya entusiasta per les consultes sobiranistes segur que si els punxen no els treuen sang quan dissabte van sentir Artur Mas proclamant que ara no \u00e9s pas l\u2019hora, segadors. B\u00e9, fa tant de temps que els convergents es deixen estr\u00e8nyer peri\u00f2dicament el cilici nacional per recordar-se que [&hellip;]<\/p>\n","protected":false},"author":5,"featured_media":0,"comment_status":"closed","ping_status":"closed","sticky":false,"template":"","format":"standard","meta":{"footnotes":""},"categories":[648],"tags":[5405],"class_list":["post-1163","post","type-post","status-publish","format-standard","hentry","category-pais-patit","tag-pais-patit"],"jetpack_featured_media_url":"","_links":{"self":[{"href":"https:\/\/blogs.elpunt.cat\/carlesribera\/wp-json\/wp\/v2\/posts\/1163","targetHints":{"allow":["GET"]}}],"collection":[{"href":"https:\/\/blogs.elpunt.cat\/carlesribera\/wp-json\/wp\/v2\/posts"}],"about":[{"href":"https:\/\/blogs.elpunt.cat\/carlesribera\/wp-json\/wp\/v2\/types\/post"}],"author":[{"embeddable":true,"href":"https:\/\/blogs.elpunt.cat\/carlesribera\/wp-json\/wp\/v2\/users\/5"}],"replies":[{"embeddable":true,"href":"https:\/\/blogs.elpunt.cat\/carlesribera\/wp-json\/wp\/v2\/comments?post=1163"}],"version-history":[{"count":1,"href":"https:\/\/blogs.elpunt.cat\/carlesribera\/wp-json\/wp\/v2\/posts\/1163\/revisions"}],"predecessor-version":[{"id":1164,"href":"https:\/\/blogs.elpunt.cat\/carlesribera\/wp-json\/wp\/v2\/posts\/1163\/revisions\/1164"}],"wp:attachment":[{"href":"https:\/\/blogs.elpunt.cat\/carlesribera\/wp-json\/wp\/v2\/media?parent=1163"}],"wp:term":[{"taxonomy":"category","embeddable":true,"href":"https:\/\/blogs.elpunt.cat\/carlesribera\/wp-json\/wp\/v2\/categories?post=1163"},{"taxonomy":"post_tag","embeddable":true,"href":"https:\/\/blogs.elpunt.cat\/carlesribera\/wp-json\/wp\/v2\/tags?post=1163"}],"curies":[{"name":"wp","href":"https:\/\/api.w.org\/{rel}","templated":true}]}}