{"id":1624,"date":"2011-05-03T15:36:04","date_gmt":"2011-05-03T14:36:04","guid":{"rendered":"http:\/\/blogs.elpunt.cat\/carlesribera\/?p=1624"},"modified":"2011-05-03T15:36:04","modified_gmt":"2011-05-03T14:36:04","slug":"catala-fes-vacances-a-catalunya","status":"publish","type":"post","link":"https:\/\/blogs.elpunt.cat\/carlesribera\/2011\/05\/03\/catala-fes-vacances-a-catalunya\/","title":{"rendered":"Catal\u00e0, fes vacances a Catalunya"},"content":{"rendered":"<div>\n<p style=\"text-align: justify\">Fent un cop d&#8217;ull als principals indicadors econ\u00f2mics de Catalunya est\u00e0 clar que no hi ha pr\u00e0cticament cap sector que, a hores d&#8217;ara, pugui dir que no est\u00e0 en crisi. No descobreixo pas res de nou, ja ho sabeu. Ja ho sabeu, molts ho sabem, perqu\u00e8 la majoria de nosaltres patim aquesta situaci\u00f3 de vaques flaques, qu\u00e8 flaques, cadav\u00e8riques, que encara sembla que han de perdre m\u00e9s pes perqu\u00e8 no es veu per gaire enlloc cap s\u00edmptoma d&#8217;engreix. <em><strong>(Publicat a Pres\u00e8ncia l&#8217;1 de maig de 2011)<\/strong><\/em><\/p>\n<p style=\"text-align: justify\">No hi ha cap s\u00edmptoma de millora tret, potser, del sector tur\u00edstic. La principal ind\u00fastria catalana tot i ser del sector serveis, el principal reclam nacional despr\u00e9s que el totxo s&#8217;esmicol\u00e9s i que encara, fins a data d&#8217;avui, no hi hagi ning\u00fa capa\u00e7 d&#8217;enganxar-ne novament els bocins. L&#8217;hostaleria, la restauraci\u00f3, l&#8217;oferta l\u00fadica i cultural, la platja, el sol i el poc paisatge que ha sobreviscut m\u00e9s o menys indemne a l&#8217;empenta rajolera de les \u00faltimes tres o quatre d\u00e8cades, ens obren la porta a les poques possibilitats de fer-ne quatre de calaix enmig d&#8217;aquesta depressi\u00f3 profunda que travessem des del 2007 i que si s&#8217;allarga gaire m\u00e9s haur\u00e0 de comen\u00e7ar a rosegar l&#8217;os perqu\u00e8 de carn i nervi en va quedant m\u00e9s aviat poca cosa. Aferrem-nos al turisme. Aquesta Setmana Santa hem viscut un petit tast (amb el sol, aix\u00f2 s\u00ed, encara una mica de temporada baixa) del que pot ser una bona campanya. Tenim diversos factors que convergeixen en un punt que assenyala perspectives d&#8217;una certa millora. Per una banda, hi ha els desastres naturals o els conflictes militars que sacsegen, en alguns casos literalment, una part de les destinacions tur\u00edstiques de m\u00e9s anomenada i m\u00e9s ex\u00f2tiques i que atrauen desenes de milers d&#8217;europeus rics, que encara en queden tot i que siguin m\u00e9s al nord, d&#8217;americans rics, que sempre n&#8217;hi ha, i n&#8217;hi ha sempre amb ganes de voltar, i de xinesos forts d&#8217;armilla, que cada cop n&#8217;hi ha m\u00e9s. Per altra banda, hi som els catalans. Els catalans sempre hi som. Per\u00f2 aquest cop, com que anem m\u00e9s aviat escurats, tenim tend\u00e8ncia a un tipus de viatges que se&#8217;n diuen de proximitat. S\u00f3n de proximitat perqu\u00e8 s\u00f3n a prop i perqu\u00e8 s&#8217;aproximen al nostre nivell adquisitiu actual, que no est\u00e0 pas per gaires alegries.<\/p>\n<p style=\"text-align: justify\">No \u00e9s pas dolent, quedar-nos a passar les vacances a Catalunya. Hi ha milions de persones que paguen per venir. Per qu\u00e8, doncs, nosaltres hem de pagar per marxar? I m\u00e9s en un any que ens conv\u00e9 que l&#8217;\u00fanic sector que t\u00e9 una m\u00ednima activitat pugui omplir caixa i qu\u00e8 millor per omplir caixa que el diner no es mogui d&#8217;aqu\u00ed, que passi d&#8217;unes butxaques catalanes a unes altres i que d&#8217;aquestes altres doncs vagi fluint cap al mercat interior. No hi entenc gaire, d&#8217;economia, per\u00f2 vist des d&#8217;un punt de vista simplement pr\u00e0ctic, crec que ara mateix el millor que podr\u00edem fer els catalans per reactivar l&#8217;economia \u00e9s gastar-nos prop de casa tot all\u00f2 que podem gastar-nos per vacances, per poc que sigui. Ep, i que consti que probablement serem molt m\u00e9s ben atesos que en molts pa\u00efsos on venen molt de luxe per\u00f2 ofereixen poca categoria. A Catalunya tenim un sector tur\u00edstic d&#8217;alt nivell. Potser que en gaudim una mica. Tots en direm b\u00e9.<\/p>\n<\/div>\n","protected":false},"excerpt":{"rendered":"<p>Fent un cop d&#8217;ull als principals indicadors econ\u00f2mics de Catalunya est\u00e0 clar que no hi ha pr\u00e0cticament cap sector que, a hores d&#8217;ara, pugui dir que no est\u00e0 en crisi. No descobreixo pas res de nou, ja ho sabeu. Ja ho sabeu, molts ho sabem, perqu\u00e8 la majoria de nosaltres patim aquesta situaci\u00f3 de vaques [&hellip;]<\/p>\n","protected":false},"author":5,"featured_media":0,"comment_status":"closed","ping_status":"closed","sticky":false,"template":"","format":"standard","meta":{"footnotes":""},"categories":[648],"tags":[5405],"class_list":["post-1624","post","type-post","status-publish","format-standard","hentry","category-pais-patit","tag-pais-patit"],"jetpack_featured_media_url":"","_links":{"self":[{"href":"https:\/\/blogs.elpunt.cat\/carlesribera\/wp-json\/wp\/v2\/posts\/1624","targetHints":{"allow":["GET"]}}],"collection":[{"href":"https:\/\/blogs.elpunt.cat\/carlesribera\/wp-json\/wp\/v2\/posts"}],"about":[{"href":"https:\/\/blogs.elpunt.cat\/carlesribera\/wp-json\/wp\/v2\/types\/post"}],"author":[{"embeddable":true,"href":"https:\/\/blogs.elpunt.cat\/carlesribera\/wp-json\/wp\/v2\/users\/5"}],"replies":[{"embeddable":true,"href":"https:\/\/blogs.elpunt.cat\/carlesribera\/wp-json\/wp\/v2\/comments?post=1624"}],"version-history":[{"count":1,"href":"https:\/\/blogs.elpunt.cat\/carlesribera\/wp-json\/wp\/v2\/posts\/1624\/revisions"}],"predecessor-version":[{"id":1625,"href":"https:\/\/blogs.elpunt.cat\/carlesribera\/wp-json\/wp\/v2\/posts\/1624\/revisions\/1625"}],"wp:attachment":[{"href":"https:\/\/blogs.elpunt.cat\/carlesribera\/wp-json\/wp\/v2\/media?parent=1624"}],"wp:term":[{"taxonomy":"category","embeddable":true,"href":"https:\/\/blogs.elpunt.cat\/carlesribera\/wp-json\/wp\/v2\/categories?post=1624"},{"taxonomy":"post_tag","embeddable":true,"href":"https:\/\/blogs.elpunt.cat\/carlesribera\/wp-json\/wp\/v2\/tags?post=1624"}],"curies":[{"name":"wp","href":"https:\/\/api.w.org\/{rel}","templated":true}]}}