{"id":1633,"date":"2011-05-08T21:04:20","date_gmt":"2011-05-08T20:04:20","guid":{"rendered":"http:\/\/blogs.elpunt.cat\/carlesribera\/?p=1633"},"modified":"2011-05-08T21:04:20","modified_gmt":"2011-05-08T20:04:20","slug":"temporada-de-cel%c2%b7lulitis","status":"publish","type":"post","link":"https:\/\/blogs.elpunt.cat\/carlesribera\/2011\/05\/08\/temporada-de-cel%c2%b7lulitis\/","title":{"rendered":"Temporada de cel\u00b7lulitis"},"content":{"rendered":"<p style=\"text-align: justify\">A Catalunya gaudim d\u2019un refranyer esponer\u00f3s i profusament assortit on floreixen adagis tan deliciosos com aquell que diu que cada cosa al seu temps, com les figues a l\u2019agost. Posem-hi temps, o posem-hi temporades. De bolets, de castells, futbolera (de dotze mesos, gaireb\u00e9), temporada alta, amb min\u00fascules per al turisme i en maj\u00fascules si parlem del gran festival teatral de Girona. Fins i tot n\u2019hi ha de taurina, per b\u00e9 que aquest any \u00e9s la darrera si no \u00e9s que els espanyols s\u2019entesten a posar-hi la banya.<br \/>\nUna de les temporades m\u00e9s curioses de totes les temporades que es fan i es desfan \u00e9s la dels anticel\u00b7lul\u00edtics. M\u00e9s o menys viva durant tot l\u2019any, el gran moment d\u2019aquesta branca de la cosm\u00e8tica corporal comen\u00e7a, setmana amunt, setmana avall, amb l\u2019arribada de la primavera. No s\u00e9 si us hi heu fixat, per\u00f2 tots els aparadors de les farm\u00e0cies estan claferts d\u2019anuncis cridaners, coloristes i seductors que et prometen l\u2019oro i el moro de la reducci\u00f3 adiposa de les \u00e0rees geogr\u00e0fiques femenines m\u00e9s propenses a botir-se per obra i gr\u00e0cia de l\u2019exc\u00e9s de greixina. Les farm\u00e0cies sempre les havia tingut per uns establiments on uns educats senyors i senyores amb pulcr\u00edssimes bates blanques et dispensaven medecines i remeis homologats per a tota mena de mals f\u00edsics. D\u2019uns anys en\u00e7\u00e0 tamb\u00e9 curen mals est\u00e8tics, o aix\u00f2 diuen. Nom\u00e9s cal entrar en una farm\u00e0cia i quedar meravellat davant del devessall de potingues miraculoses. Tractaments intensius i extensius contra les acumulacions de l\u00edpids, programes \u00abreductors acceleradors en zones resistents a les dietes\u00bb o el m\u00e9s cl\u00e0ssic \u00abzones rebels\u00bb. Ofertes per eliminar la pell de taronja nom\u00e9s en set dies, i en vint-i-vuit obtenir una visible reducci\u00f3 de volums que pot arribar, en alguns casos \u00abfins als 2,8 cent\u00edmetres\u00bb Aquest \u00abfins a\u00bb \u00e9s clau. Perqu\u00e8 si acaben sent 2,8 mil\u00b7l\u00edmetres, tamb\u00e9 entra dins la promesa. D\u2019anticel\u00b7lul\u00edtics n\u2019hi ha en crema, en gel i fins i tot amb aplicador tipus stick. Un gavadal de f\u00f3rmules amanides amb la m\u00e9s pretensiosa de les ret\u00f2riques cient\u00edfiques que porten a afirmar coses com ara que els malucs es poden emmagrir gr\u00e0cies a la \u00abinvestigaci\u00f3 avan\u00e7ada en nutrici\u00f3 i biologia de la pell\u00bb, o que l\u2019element clau per fulminar els saxons no \u00e9s altra cosa que la cafe\u00efna pura 5 per cent, considerat un \u00abactivador lipol\u00edtic\u00bb. Poca broma.<br \/>\nMolta broma. Perqu\u00e8 a mi em provoca entre molta gr\u00e0cia i una hilaritat absoluta veure les corrues de senyores i senyoretes esquitxant uns bons calerons (aquests productes resulta que tamb\u00e9 aprimen un ull de la cara) per poder lluir la mar de desitjables quan arribi el bon temps i calgui omplir les platges de molta gent amb poca roba. No hi ha res pitjor que la vergonya de mostrar el propi cos, fruit sens dubte d\u2019una revoluci\u00f3 est\u00e8tica consumista que nom\u00e9s valora l\u2019aspecte f\u00edsic i la bellesa can\u00f2nica dissenyada per ments que pensen en ideals que a la realitat nom\u00e9s existeixen amb penes i treballs. Dones, esclaves de la modernitat.<br \/>\n\u2013\u00abQui \u00e9s ara?\u00bb<br \/>\n\u00c9s la farmac\u00e8utica. Responc:<br \/>\n\u2013\u00abBon dia, voldria un bon tractament capil\u00b7lar contra la caiguda del cabell\u00bb.<\/p>\n<p style=\"text-align: justify\"><strong><em>(Publicat a Pres\u00e8ncia el 8 de maig de 2011)<\/em><\/strong><\/p>\n","protected":false},"excerpt":{"rendered":"<p>A Catalunya gaudim d\u2019un refranyer esponer\u00f3s i profusament assortit on floreixen adagis tan deliciosos com aquell que diu que cada cosa al seu temps, com les figues a l\u2019agost. Posem-hi temps, o posem-hi temporades. De bolets, de castells, futbolera (de dotze mesos, gaireb\u00e9), temporada alta, amb min\u00fascules per al turisme i en maj\u00fascules si parlem [&hellip;]<\/p>\n","protected":false},"author":5,"featured_media":0,"comment_status":"closed","ping_status":"closed","sticky":false,"template":"","format":"standard","meta":{"footnotes":""},"categories":[281],"tags":[294],"class_list":["post-1633","post","type-post","status-publish","format-standard","hentry","category-ni-tu-ni-vos","tag-nitunivos"],"jetpack_featured_media_url":"","_links":{"self":[{"href":"https:\/\/blogs.elpunt.cat\/carlesribera\/wp-json\/wp\/v2\/posts\/1633","targetHints":{"allow":["GET"]}}],"collection":[{"href":"https:\/\/blogs.elpunt.cat\/carlesribera\/wp-json\/wp\/v2\/posts"}],"about":[{"href":"https:\/\/blogs.elpunt.cat\/carlesribera\/wp-json\/wp\/v2\/types\/post"}],"author":[{"embeddable":true,"href":"https:\/\/blogs.elpunt.cat\/carlesribera\/wp-json\/wp\/v2\/users\/5"}],"replies":[{"embeddable":true,"href":"https:\/\/blogs.elpunt.cat\/carlesribera\/wp-json\/wp\/v2\/comments?post=1633"}],"version-history":[{"count":1,"href":"https:\/\/blogs.elpunt.cat\/carlesribera\/wp-json\/wp\/v2\/posts\/1633\/revisions"}],"predecessor-version":[{"id":1634,"href":"https:\/\/blogs.elpunt.cat\/carlesribera\/wp-json\/wp\/v2\/posts\/1633\/revisions\/1634"}],"wp:attachment":[{"href":"https:\/\/blogs.elpunt.cat\/carlesribera\/wp-json\/wp\/v2\/media?parent=1633"}],"wp:term":[{"taxonomy":"category","embeddable":true,"href":"https:\/\/blogs.elpunt.cat\/carlesribera\/wp-json\/wp\/v2\/categories?post=1633"},{"taxonomy":"post_tag","embeddable":true,"href":"https:\/\/blogs.elpunt.cat\/carlesribera\/wp-json\/wp\/v2\/tags?post=1633"}],"curies":[{"name":"wp","href":"https:\/\/api.w.org\/{rel}","templated":true}]}}