{"id":1658,"date":"2011-05-17T10:02:28","date_gmt":"2011-05-17T09:02:28","guid":{"rendered":"http:\/\/blogs.elpunt.cat\/carlesribera\/?p=1658"},"modified":"2011-05-15T18:25:32","modified_gmt":"2011-05-15T17:25:32","slug":"parlals-de-batalles-de-reis-i-delefants-de-mathias-enard","status":"publish","type":"post","link":"https:\/\/blogs.elpunt.cat\/carlesribera\/2011\/05\/17\/parlals-de-batalles-de-reis-i-delefants-de-mathias-enard\/","title":{"rendered":"&#8216;Parla&#8217;ls de Batalles, de Reis i d&#8217;Elefants&#8217;, de Mathias Enard"},"content":{"rendered":"<p>\u00a0<\/p>\n<p style=\"text-align: justify\"><a href=\"http:\/\/blogs.elpunt.cat\/carlesribera\/files\/2011\/05\/parla-ls-de-batalles-de-reis-i-d-elefants31.jpg\"><img loading=\"lazy\" decoding=\"async\" class=\"alignleft size-medium wp-image-1663\" src=\"http:\/\/blogs.elpunt.cat\/carlesribera\/files\/2011\/05\/parla-ls-de-batalles-de-reis-i-d-elefants31-198x300.jpg\" alt=\"\" width=\"198\" height=\"300\" \/><\/a>\u00a0He llegit <em><a title=\"fitxa i sinopsi\" href=\"http:\/\/www.columnaedicions.cat\/ca\/llibre\/parla-ls-de-batalles-de-reis-i-d-elefants_14183.html\" target=\"_blank\">Parla&#8217;ls de Batalles, de reis i d&#8217;Elefants<\/a> <\/em>(Columna), del franc\u00e8s <a title=\"Biografia\" href=\"http:\/\/www.columnaedicions.cat\/ca\/autor\/mathias-enard_6111.html\" target=\"_blank\">Mathias Enard<\/a>, una\u00a0novel\u00b7la hist\u00f2rica sobre la visita de Michelangelo Buonarroti a Istambul per complir l&#8217;enc\u00e0rrec del sold\u00e0 de construir un pont sobre el Corn d&#8217;Or. Una obra que barreja\u00a0fets hist\u00f2rics\u00a0i\u00a0una recreaci\u00f3 d&#8217;ambients i personatges que\u00a0desemboca\u00a0en una lectura amena sobre\u00a0les tensions de la creaci\u00f3 art\u00edstica, el xoc de cultures\u00a0i l&#8217;homosexualitat\u00a0reprimida d&#8217;un Michelangelo que viu torturat per la seva falta d&#8217;atractiu f\u00edsic i el seu exc\u00e9s de passi\u00f3 i genialitat art\u00edstica. Una hist\u00f2ria narrada\u00a0amb glopets curts de cap\u00edtols de poques p\u00e0gines, amb prosa econ\u00f2mica, dotada de versemblan\u00e7a hist\u00f2rica i una certa for\u00e7a po\u00e8tica, que passa sense deixar gaire petja per\u00f2 tampoc amb la sensaci\u00f3 d&#8217;haver pogut dedicar a una altra cosa, o a un altre llibre, les poques hores que cal invertir en la seva lectura.<\/p>\n","protected":false},"excerpt":{"rendered":"<p>\u00a0 \u00a0He llegit Parla&#8217;ls de Batalles, de reis i d&#8217;Elefants (Columna), del franc\u00e8s Mathias Enard, una\u00a0novel\u00b7la hist\u00f2rica sobre la visita de Michelangelo Buonarroti a Istambul per complir l&#8217;enc\u00e0rrec del sold\u00e0 de construir un pont sobre el Corn d&#8217;Or. Una obra que barreja\u00a0fets hist\u00f2rics\u00a0i\u00a0una recreaci\u00f3 d&#8217;ambients i personatges que\u00a0desemboca\u00a0en una lectura amena sobre\u00a0les tensions de la [&hellip;]<\/p>\n","protected":false},"author":5,"featured_media":0,"comment_status":"closed","ping_status":"closed","sticky":false,"template":"","format":"standard","meta":{"footnotes":""},"categories":[115],"tags":[5401],"class_list":["post-1658","post","type-post","status-publish","format-standard","hentry","category-el-llegir-no-fa-perdre-lescriure","tag-el-llegir-no-fa-perdre-lescriure"],"jetpack_featured_media_url":"","_links":{"self":[{"href":"https:\/\/blogs.elpunt.cat\/carlesribera\/wp-json\/wp\/v2\/posts\/1658","targetHints":{"allow":["GET"]}}],"collection":[{"href":"https:\/\/blogs.elpunt.cat\/carlesribera\/wp-json\/wp\/v2\/posts"}],"about":[{"href":"https:\/\/blogs.elpunt.cat\/carlesribera\/wp-json\/wp\/v2\/types\/post"}],"author":[{"embeddable":true,"href":"https:\/\/blogs.elpunt.cat\/carlesribera\/wp-json\/wp\/v2\/users\/5"}],"replies":[{"embeddable":true,"href":"https:\/\/blogs.elpunt.cat\/carlesribera\/wp-json\/wp\/v2\/comments?post=1658"}],"version-history":[{"count":4,"href":"https:\/\/blogs.elpunt.cat\/carlesribera\/wp-json\/wp\/v2\/posts\/1658\/revisions"}],"predecessor-version":[{"id":1664,"href":"https:\/\/blogs.elpunt.cat\/carlesribera\/wp-json\/wp\/v2\/posts\/1658\/revisions\/1664"}],"wp:attachment":[{"href":"https:\/\/blogs.elpunt.cat\/carlesribera\/wp-json\/wp\/v2\/media?parent=1658"}],"wp:term":[{"taxonomy":"category","embeddable":true,"href":"https:\/\/blogs.elpunt.cat\/carlesribera\/wp-json\/wp\/v2\/categories?post=1658"},{"taxonomy":"post_tag","embeddable":true,"href":"https:\/\/blogs.elpunt.cat\/carlesribera\/wp-json\/wp\/v2\/tags?post=1658"}],"curies":[{"name":"wp","href":"https:\/\/api.w.org\/{rel}","templated":true}]}}