{"id":1780,"date":"2011-07-22T12:21:30","date_gmt":"2011-07-22T11:21:30","guid":{"rendered":"http:\/\/blogs.elpunt.cat\/carlesribera\/?p=1780"},"modified":"2011-07-22T12:21:30","modified_gmt":"2011-07-22T11:21:30","slug":"carteristes-de-temporada","status":"publish","type":"post","link":"https:\/\/blogs.elpunt.cat\/carlesribera\/2011\/07\/22\/carteristes-de-temporada\/","title":{"rendered":"Carteristes de temporada"},"content":{"rendered":"<div>\n<p style=\"text-align: justify\">La setmana passada sortia de la parada del Poble Sec de la l\u00ednia 3 del metro i vaig recordar, just quan pujava les escales cap al carrer, que havia de fer una trucada. Em poso la m\u00e0 a la butxaca de l&#8217;americana i, caram, hi trobo una altra m\u00e0 que juraria que no \u00e9s pas meva. Afortunadament, s\u00f3c m\u00e9s r\u00e0pid i arribo abans al tel\u00e8fon m\u00f2bil que el meu competidor, que resulta ser un noi d&#8217;aspecte absolutament convencional que fuig esperitat quan s&#8217;adona que l&#8217;he enxampat <em>in fraganti<\/em>. Si dels lladres de carteres se&#8217;n diuen carteristes, penso, dels lladres de tel\u00e8fons se n&#8217;hauria de dir telefonistes? \u00c9s millor, concloc, que faci servir el gen\u00e8ric \u2018carterista&#8217;.<\/p>\n<p style=\"text-align: justify\">L&#8217;an\u00e8cdota personal no fa altra cosa que aportar un de tants testimonis de la plaga que es viu als transports barcelonins. He sentit explicar a gent que em mereix un cr\u00e8dit absolut que els han arribat a pispar el m\u00f2bil de les mans mentre estaven parlant o fent una piulada al Twitter. La situaci\u00f3 \u00e9s greu, per tant. \u00daltimament, com que el metro est\u00e0 m\u00e9s controlat, els esmunyedissos lladregots han canviat de zona i operen en el trajecte de rodalies cap a l&#8217;aeroport. El negoci \u00e9s tan profit\u00f3s, a m\u00e9s, que fins i tot ha estat detectada una colla de polonesos que v\u00e9nen a fer, literalment, l&#8217;agost a Barcelona i despr\u00e9s se&#8217;n tornen cap a Pol\u00f2nia, la de deb\u00f2. Coses de l&#8217;economia submergida, o subterr\u00e0nia. De fet, per\u00f2, no \u00e9s cap novetat, aix\u00f2 dels carteristes de temporada. Cada mes de juny als catalans ens foten la cartera uns senyors que s\u00f3n de Madrid. No ens la furten pas al metro, sin\u00f3 a la declaraci\u00f3 de renda. D&#8217;una cosa se&#8217;n diu robatori, d&#8217;aix\u00f2 altre solidaritat territorial. <em><strong>(Publicat a l&#8217;Avui el 22 de juliol de 2011)<\/strong><\/em><\/p>\n<\/div>\n","protected":false},"excerpt":{"rendered":"<p>La setmana passada sortia de la parada del Poble Sec de la l\u00ednia 3 del metro i vaig recordar, just quan pujava les escales cap al carrer, que havia de fer una trucada. Em poso la m\u00e0 a la butxaca de l&#8217;americana i, caram, hi trobo una altra m\u00e0 que juraria que no \u00e9s pas [&hellip;]<\/p>\n","protected":false},"author":5,"featured_media":0,"comment_status":"closed","ping_status":"closed","sticky":false,"template":"","format":"standard","meta":{"footnotes":""},"categories":[648],"tags":[5405],"class_list":["post-1780","post","type-post","status-publish","format-standard","hentry","category-pais-patit","tag-pais-patit"],"jetpack_featured_media_url":"","_links":{"self":[{"href":"https:\/\/blogs.elpunt.cat\/carlesribera\/wp-json\/wp\/v2\/posts\/1780","targetHints":{"allow":["GET"]}}],"collection":[{"href":"https:\/\/blogs.elpunt.cat\/carlesribera\/wp-json\/wp\/v2\/posts"}],"about":[{"href":"https:\/\/blogs.elpunt.cat\/carlesribera\/wp-json\/wp\/v2\/types\/post"}],"author":[{"embeddable":true,"href":"https:\/\/blogs.elpunt.cat\/carlesribera\/wp-json\/wp\/v2\/users\/5"}],"replies":[{"embeddable":true,"href":"https:\/\/blogs.elpunt.cat\/carlesribera\/wp-json\/wp\/v2\/comments?post=1780"}],"version-history":[{"count":1,"href":"https:\/\/blogs.elpunt.cat\/carlesribera\/wp-json\/wp\/v2\/posts\/1780\/revisions"}],"predecessor-version":[{"id":1781,"href":"https:\/\/blogs.elpunt.cat\/carlesribera\/wp-json\/wp\/v2\/posts\/1780\/revisions\/1781"}],"wp:attachment":[{"href":"https:\/\/blogs.elpunt.cat\/carlesribera\/wp-json\/wp\/v2\/media?parent=1780"}],"wp:term":[{"taxonomy":"category","embeddable":true,"href":"https:\/\/blogs.elpunt.cat\/carlesribera\/wp-json\/wp\/v2\/categories?post=1780"},{"taxonomy":"post_tag","embeddable":true,"href":"https:\/\/blogs.elpunt.cat\/carlesribera\/wp-json\/wp\/v2\/tags?post=1780"}],"curies":[{"name":"wp","href":"https:\/\/api.w.org\/{rel}","templated":true}]}}