{"id":2542,"date":"2012-07-17T09:05:18","date_gmt":"2012-07-17T08:05:18","guid":{"rendered":"http:\/\/blogs.elpunt.cat\/carlesribera\/?p=2542"},"modified":"2012-07-17T10:18:27","modified_gmt":"2012-07-17T09:18:27","slug":"gris-de-campanya-de-philip-kerr","status":"publish","type":"post","link":"https:\/\/blogs.elpunt.cat\/carlesribera\/2012\/07\/17\/gris-de-campanya-de-philip-kerr\/","title":{"rendered":"Gris de campanya, de Philip Kerr"},"content":{"rendered":"<div id=\"attachment_2544\" style=\"width: 165px\" class=\"wp-caption alignleft\"><a rel=\"attachment wp-att-2544\" href=\"http:\/\/blogs.elpunt.cat\/carlesribera\/2012\/07\/17\/gris-de-campanya-de-philip-kerr\/gris-de-campanya_philip-kerr_libro-omac169\/\"><img loading=\"lazy\" decoding=\"async\" aria-describedby=\"caption-attachment-2544\" class=\"size-medium wp-image-2544 \" src=\"http:\/\/blogs.elpunt.cat\/carlesribera\/files\/2012\/07\/gris-de-campanya_philip-kerr_libro-OMAC169-194x300.jpg\" alt=\"\" width=\"155\" height=\"240\" srcset=\"https:\/\/blogs.elpunt.cat\/carlesribera\/files\/2012\/07\/gris-de-campanya_philip-kerr_libro-OMAC169-194x300.jpg 194w, https:\/\/blogs.elpunt.cat\/carlesribera\/files\/2012\/07\/gris-de-campanya_philip-kerr_libro-OMAC169-97x150.jpg 97w, https:\/\/blogs.elpunt.cat\/carlesribera\/files\/2012\/07\/gris-de-campanya_philip-kerr_libro-OMAC169.jpg 200w\" sizes=\"auto, (max-width: 155px) 100vw, 155px\" \/><\/a><p id=\"caption-attachment-2544\" class=\"wp-caption-text\">Portada del llibre<\/p><\/div>\n<p style=\"text-align: justify\">He llegit <em><a title=\"sinopsi\" href=\"http:\/\/www.magrana.cat\/gris-de-campanya_philip-kerr_libro-OMAC169-es.html\" target=\"_blank\">Gris de Campanya<\/a><\/em>, de <a title=\"bio\" href=\"http:\/\/en.wikipedia.org\/wiki\/Philip_Kerr\" target=\"_blank\">Philip Kerr<\/a>, i no puc parar d&#8217;aplaudir fervorosament una nova obra mestra per partida doble,\u00a0doncs sota l&#8217;aspecte de g\u00e8nere negre que tan b\u00e9 representa el torturat\u00a0detectiu Bernie Gunther, hi tobem recosida una impressionant novel.la hist\u00f2rica que ens passeja, d&#8217;una manera perfectament versemblant i profusament documentada, per la preguerra a l&#8217;Alemanya nazi, per la segona guerra mundial en l&#8217;escenari del terror\u00edfic front de l&#8217;est, pel Par\u00eds ocupat o la vergonyosa Fran\u00e7a de Vichy, i, finalment, per la llargu\u00edssima postguerra als camps de concentraci\u00f3 russos o a la sinistra Rep\u00fablica Democr\u00e0tica Alemanya. Tot aix\u00f2 sense oblidar la decadent i terminal Cuba de Batista, on arrenca aquesta gran epopeia per les clavegueres de la hist\u00f2ria europea en els anys centrals del segle passat. Philip Kerr ens torna a dibuixar un personatge traumatitzat emocional i ideol\u00f2gicament, el borratxo i aparentment amoral Bernie Ghunter. Per\u00f2 aquest cop ens mostra amb tota cruesa el proc\u00e9s de destrucci\u00f3 d&#8217;un home que, vist el calvari que pateix, surt for\u00e7a sencer de l&#8217;infern on el llan\u00e7a l&#8217;autor. Veracitat, acci\u00f3, psicologia, emoci\u00f3 i ritme, un combinat que fa venir ganes de llegir el nou lliurament protagonitzat pel mateix personatge, <em>Praga mortal<\/em>, que ja \u00e9s a les llibreries catalanes fa unes setmanes. Ja us en dir\u00e9 el qu\u00e8. De moment, si encara no ho heu fet, gaudiu, i patiu, amb <em>Gris de campanya<\/em>. <em><strong>(Consulteu altres ressenyes clicant a <\/strong><\/em><a title=\"totes les ressenyes\" href=\"http:\/\/blogs.elpunt.cat\/carlesribera\/el-llegir-no-fa-perdre-lescriure\/\" target=\"_blank\"><em><strong>El llegir no fa perdre l&#8217;escriure<\/strong><\/em><\/a><em><strong>)<\/strong><\/em><\/p>\n","protected":false},"excerpt":{"rendered":"<p>He llegit Gris de Campanya, de Philip Kerr, i no puc parar d&#8217;aplaudir fervorosament una nova obra mestra per partida doble,\u00a0doncs sota l&#8217;aspecte de g\u00e8nere negre que tan b\u00e9 representa el torturat\u00a0detectiu Bernie Gunther, hi tobem recosida una impressionant novel.la hist\u00f2rica que ens passeja, d&#8217;una manera perfectament versemblant i profusament documentada, per la preguerra a [&hellip;]<\/p>\n","protected":false},"author":5,"featured_media":0,"comment_status":"closed","ping_status":"closed","sticky":false,"template":"","format":"standard","meta":{"footnotes":""},"categories":[115],"tags":[5401],"class_list":["post-2542","post","type-post","status-publish","format-standard","hentry","category-el-llegir-no-fa-perdre-lescriure","tag-el-llegir-no-fa-perdre-lescriure"],"jetpack_featured_media_url":"","_links":{"self":[{"href":"https:\/\/blogs.elpunt.cat\/carlesribera\/wp-json\/wp\/v2\/posts\/2542","targetHints":{"allow":["GET"]}}],"collection":[{"href":"https:\/\/blogs.elpunt.cat\/carlesribera\/wp-json\/wp\/v2\/posts"}],"about":[{"href":"https:\/\/blogs.elpunt.cat\/carlesribera\/wp-json\/wp\/v2\/types\/post"}],"author":[{"embeddable":true,"href":"https:\/\/blogs.elpunt.cat\/carlesribera\/wp-json\/wp\/v2\/users\/5"}],"replies":[{"embeddable":true,"href":"https:\/\/blogs.elpunt.cat\/carlesribera\/wp-json\/wp\/v2\/comments?post=2542"}],"version-history":[{"count":11,"href":"https:\/\/blogs.elpunt.cat\/carlesribera\/wp-json\/wp\/v2\/posts\/2542\/revisions"}],"predecessor-version":[{"id":2601,"href":"https:\/\/blogs.elpunt.cat\/carlesribera\/wp-json\/wp\/v2\/posts\/2542\/revisions\/2601"}],"wp:attachment":[{"href":"https:\/\/blogs.elpunt.cat\/carlesribera\/wp-json\/wp\/v2\/media?parent=2542"}],"wp:term":[{"taxonomy":"category","embeddable":true,"href":"https:\/\/blogs.elpunt.cat\/carlesribera\/wp-json\/wp\/v2\/categories?post=2542"},{"taxonomy":"post_tag","embeddable":true,"href":"https:\/\/blogs.elpunt.cat\/carlesribera\/wp-json\/wp\/v2\/tags?post=2542"}],"curies":[{"name":"wp","href":"https:\/\/api.w.org\/{rel}","templated":true}]}}