{"id":266,"date":"2009-03-23T20:17:53","date_gmt":"2009-03-23T19:17:53","guid":{"rendered":"http:\/\/blogs.elpunt.cat\/carlesribera\/?p=266"},"modified":"2009-03-23T20:22:17","modified_gmt":"2009-03-23T19:22:17","slug":"rythm-and-wyman","status":"publish","type":"post","link":"https:\/\/blogs.elpunt.cat\/carlesribera\/2009\/03\/23\/rythm-and-wyman\/","title":{"rendered":"Rythm and Wyman"},"content":{"rendered":"<p>\u00a0<\/p>\n<div id=\"attachment_267\" style=\"width: 266px\" class=\"wp-caption alignleft\"><a href=\"http:\/\/blogs.elpunt.cat\/carlesribera\/files\/2009\/03\/2009-03-1657454.jpg\"><img loading=\"lazy\" decoding=\"async\" aria-describedby=\"caption-attachment-267\" class=\"size-full wp-image-267\" src=\"http:\/\/blogs.elpunt.cat\/carlesribera\/files\/2009\/03\/2009-03-1657454.jpg\" alt=\"LLU\u00cdS SERRAT\" width=\"256\" height=\"170\" \/><\/a><p id=\"caption-attachment-267\" class=\"wp-caption-text\">Concert de Bill Wyman a la Mirona de Salt. FOTO: LLU\u00cdS SERRAT<\/p><\/div>\n<p style=\"margin-bottom: 0cm\">\u00a0Feia temps que no disfrutava tant en un concert com dissabte passat (21 de mar\u00e7 2009) a la Mirona de Salt amb l&#8217;ex-rollingstone <a title=\"Veure biografia i web\" href=\"http:\/\/ca.wikipedia.org\/wiki\/Bill_Wyman\" target=\"_blank\">Bill Wyman<\/a>\u00a0i companyia (quina <a title=\"En Bill i la banda\" href=\"http:\/\/www.billwyman.com\/site\/rhythm_kings\/\" target=\"_blank\">companyia<\/a>!) Tenia for\u00e7a pistes, via <em><a title=\"Gaudiu amb I put a spell on you\" href=\"http:\/\/www.youtube.com\/watch?v=NMYNfgjL1co&amp;feature=related\" target=\"_blank\">youtube<\/a><\/em>, que la vetllada no em defraudararia. Tenia la seguretat que amb l&#8217;incommensurable Georgie Fame a l&#8217;\u00f2rgan no fa faria gaire ning\u00fa m\u00e9s per donar per ben invertits els 25 euros de l&#8217;entrada. I, efectivament, no hauria calgut gaire res m\u00e9s que el hier\u00e0tic Wyman, el senyor Fame i uns <em>sidemen<\/em> discrets perqu\u00e8 la vetllada hagu\u00e9s estat destacable. Per\u00f2 lluny de la discrecci\u00f3, la banda que els acompanyava era fora de s\u00e8rie\u00a0i va regalar a la parr\u00f2quia una nit memorable que si alguna cr\u00edtica mereix \u00e9s la que es mereixen tots els concerts d&#8217;aquestes caracter\u00edstiques: massa curt, tot i que demanar gaire m\u00e9s a una colla la majoria dels quals passaven de llarg la seixantena hauria estat poc menys que una imprud\u00e8ncia temer\u00e0ria. Ja des del primer moment va quedar clar que ho passar\u00edem b\u00e9, amb una versi\u00f3 per comen\u00e7ar d&#8217;<em>I got a woman<\/em> de Ray Charles passada pel Fame <em>touch <\/em><span style=\"font-style: normal\">i amanida amb un duo de saxofonistes que haurien revitalitzat no pas un mort sin\u00f3 un cementiri sencer. La tirallonga de cl\u00e0ssics del blues, rithm&amp;blues, soul, i fins i tot el swing inclassificable de Louis Prima que van anar sonant durant una hora i mitja va convertir-nos en espectadors d&#8217;una memorable lli\u00e7\u00f3 d&#8217;hist\u00f2ria musical. Unes versions que, potser amb l&#8217;excepci\u00f3 del <em>Green River<\/em> dels Creedenc Clearwater Revival, van millorar de llarg els origionals. Especialment imponents la lectura irreconeixible<\/span> per\u00f2 trepidant de <em>Jonnhy B Goode<\/em>, una delirant <em>Hit the road, Jack<\/em> (amb una passejada inclosa per <em>Fever<\/em> i\u00a0el\u00a0<em>Moondance<\/em> de Van Morrison), una celebrada <em>Honky Tonk Woman<\/em> m\u00e9s deutora d&#8217;Alexis Korner que dels Rollin Stones i, com a traca final, l&#8217;atac absolutament memorable a l&#8217;<em>I put a spell on you, <\/em><span style=\"font-style: normal\">amb l&#8217;eclosi\u00f3 d&#8217;una\u00a0Beverly Skeete\u00a0que fins aleshores no havia passat de correcta i un solo de saxo alt de\u00a0Francis Mead\u00a0que no nom\u00e9s el va deixar sense al\u00e8 amb ell sin\u00f3 pr\u00e0cticament a tot l&#8217;auditori. Curt, curt\u00edssim, el plaer de dissabte a la nit que ens va oferir el <a title=\"Web del Festival\" href=\"http:\/\/www.blackmusicfestival.com\/2009\/\" target=\"_blank\">Black Music Festival<\/a>\u00a0en una sala que t\u00e9 la mesura justa per a aquest tipus de privilegis per a uns pocs centenars de malalts de rithm &amp; blues.<\/span><\/p>\n<p style=\"margin-bottom: 0cm\">\u00a0<\/p>\n","protected":false},"excerpt":{"rendered":"<p>\u00a0 \u00a0Feia temps que no disfrutava tant en un concert com dissabte passat (21 de mar\u00e7 2009) a la Mirona de Salt amb l&#8217;ex-rollingstone Bill Wyman\u00a0i companyia (quina companyia!) Tenia for\u00e7a pistes, via youtube, que la vetllada no em defraudararia. Tenia la seguretat que amb l&#8217;incommensurable Georgie Fame a l&#8217;\u00f2rgan no fa faria gaire ning\u00fa [&hellip;]<\/p>\n","protected":false},"author":5,"featured_media":0,"comment_status":"open","ping_status":"closed","sticky":false,"template":"","format":"standard","meta":{"footnotes":""},"categories":[5403],"tags":[361],"class_list":["post-266","post","type-post","status-publish","format-standard","hentry","category-musiquetes","tag-musiquetes"],"jetpack_featured_media_url":"","_links":{"self":[{"href":"https:\/\/blogs.elpunt.cat\/carlesribera\/wp-json\/wp\/v2\/posts\/266","targetHints":{"allow":["GET"]}}],"collection":[{"href":"https:\/\/blogs.elpunt.cat\/carlesribera\/wp-json\/wp\/v2\/posts"}],"about":[{"href":"https:\/\/blogs.elpunt.cat\/carlesribera\/wp-json\/wp\/v2\/types\/post"}],"author":[{"embeddable":true,"href":"https:\/\/blogs.elpunt.cat\/carlesribera\/wp-json\/wp\/v2\/users\/5"}],"replies":[{"embeddable":true,"href":"https:\/\/blogs.elpunt.cat\/carlesribera\/wp-json\/wp\/v2\/comments?post=266"}],"version-history":[{"count":4,"href":"https:\/\/blogs.elpunt.cat\/carlesribera\/wp-json\/wp\/v2\/posts\/266\/revisions"}],"predecessor-version":[{"id":271,"href":"https:\/\/blogs.elpunt.cat\/carlesribera\/wp-json\/wp\/v2\/posts\/266\/revisions\/271"}],"wp:attachment":[{"href":"https:\/\/blogs.elpunt.cat\/carlesribera\/wp-json\/wp\/v2\/media?parent=266"}],"wp:term":[{"taxonomy":"category","embeddable":true,"href":"https:\/\/blogs.elpunt.cat\/carlesribera\/wp-json\/wp\/v2\/categories?post=266"},{"taxonomy":"post_tag","embeddable":true,"href":"https:\/\/blogs.elpunt.cat\/carlesribera\/wp-json\/wp\/v2\/tags?post=266"}],"curies":[{"name":"wp","href":"https:\/\/api.w.org\/{rel}","templated":true}]}}