{"id":2752,"date":"2012-09-21T06:23:24","date_gmt":"2012-09-21T05:23:24","guid":{"rendered":"http:\/\/blogs.elpunt.cat\/carlesribera\/?p=2752"},"modified":"2012-09-20T22:43:57","modified_gmt":"2012-09-20T21:43:57","slug":"ahir-va-ser-sis-doctubre","status":"publish","type":"post","link":"https:\/\/blogs.elpunt.cat\/carlesribera\/2012\/09\/21\/ahir-va-ser-sis-doctubre\/","title":{"rendered":"Ahir va ser Sis d&#8217;Octubre"},"content":{"rendered":"<p style=\"text-align: justify\">Per raons purament biol\u00f2giques no vaig poder ser a la pla\u00e7a de Sant Jaume el dia 6 d\u2019octubre de 1934, quan el president Companys va sortir al balc\u00f3 de la Generalitat per proclamar l\u2019Estat catal\u00e0. Ahir, en canvi, s\u00ed que vaig anar a treure-hi el cap, per raons biol\u00f2giques i ideol\u00f2giques, i em va semblar viure un d\u2019aquells moments per a la posteritat. Cronol\u00f2gicament no era 6 d\u2019octubre, per\u00f2 pol\u00edticament la situaci\u00f3 tenia for\u00e7a a veure amb el que va passar en el mateix escenari ara far\u00e0 78 anys, fruit d\u2019un clima irreconciliable entre Barcelona i Madrid i d\u2019una crisi galopant.<br \/>\nHores d\u2019ara fa de mal dir com acabar\u00e0 tot plegat aquesta vegada. Ara b\u00e9, en els primers cap\u00edtols d\u2019aquest llibre que anem escrivint col\u00b7lectivament la impressi\u00f3 \u00e9s que estem aprenent a dominar altres g\u00e8neres a m\u00e9s del drama. A la pla\u00e7a de Sant Jaume ahir es va produir finalment un Sis d\u2019Octubre com cal. Sense estrid\u00e8ncies, sense trets, sense precipitaci\u00f3 estrat\u00e8gica. Ep, no fem tampoc cr\u00edtica excessiva als avis: tampoc vivim el context europeu de maximalismes ideol\u00f2gics que l\u2019any 34 feia el m\u00f3n molt m\u00e9s tibant.<br \/>\nAhir a la Pla\u00e7a de Sant Jaume s\u2019hi va aplegar un cop m\u00e9s la ciutadania de rostre amable. Amb determinaci\u00f3, per\u00f2 sense crispaci\u00f3. Tothom va ser al seu lloc i aix\u00f2 inclou el president Mas, que va tenir la prud\u00e8ncia hist\u00f2rica de no trepitjar el balc\u00f3 sagrat. No tocava. Ahir va ser un dia per a la posteritat, per\u00f2 emotiu i prou. Sense l\u2019\u00e8pica dels moments estel\u00b7lars, sense l\u2019estrid\u00e8ncia de les grans cites, sense la pompa de les jornades per als annals. Ni tan sols es va proclamar l\u2019Estat catal\u00e0, per cert, tot i que surava en l\u2019aire la convicci\u00f3 que hi estem anant. <em><strong>(Publicat a El Punt Avui el 21 de setembre de 2012)<\/strong><\/em><\/p>\n","protected":false},"excerpt":{"rendered":"<p>Per raons purament biol\u00f2giques no vaig poder ser a la pla\u00e7a de Sant Jaume el dia 6 d\u2019octubre de 1934, quan el president Companys va sortir al balc\u00f3 de la Generalitat per proclamar l\u2019Estat catal\u00e0. Ahir, en canvi, s\u00ed que vaig anar a treure-hi el cap, per raons biol\u00f2giques i ideol\u00f2giques, i em va semblar [&hellip;]<\/p>\n","protected":false},"author":5,"featured_media":0,"comment_status":"closed","ping_status":"closed","sticky":false,"template":"","format":"standard","meta":{"footnotes":""},"categories":[5389,648],"tags":[5411,5405],"class_list":["post-2752","post","type-post","status-publish","format-standard","hentry","category-a-la-tres","category-pais-patit","tag-a-la-tres","tag-pais-patit"],"jetpack_featured_media_url":"","_links":{"self":[{"href":"https:\/\/blogs.elpunt.cat\/carlesribera\/wp-json\/wp\/v2\/posts\/2752","targetHints":{"allow":["GET"]}}],"collection":[{"href":"https:\/\/blogs.elpunt.cat\/carlesribera\/wp-json\/wp\/v2\/posts"}],"about":[{"href":"https:\/\/blogs.elpunt.cat\/carlesribera\/wp-json\/wp\/v2\/types\/post"}],"author":[{"embeddable":true,"href":"https:\/\/blogs.elpunt.cat\/carlesribera\/wp-json\/wp\/v2\/users\/5"}],"replies":[{"embeddable":true,"href":"https:\/\/blogs.elpunt.cat\/carlesribera\/wp-json\/wp\/v2\/comments?post=2752"}],"version-history":[{"count":2,"href":"https:\/\/blogs.elpunt.cat\/carlesribera\/wp-json\/wp\/v2\/posts\/2752\/revisions"}],"predecessor-version":[{"id":2754,"href":"https:\/\/blogs.elpunt.cat\/carlesribera\/wp-json\/wp\/v2\/posts\/2752\/revisions\/2754"}],"wp:attachment":[{"href":"https:\/\/blogs.elpunt.cat\/carlesribera\/wp-json\/wp\/v2\/media?parent=2752"}],"wp:term":[{"taxonomy":"category","embeddable":true,"href":"https:\/\/blogs.elpunt.cat\/carlesribera\/wp-json\/wp\/v2\/categories?post=2752"},{"taxonomy":"post_tag","embeddable":true,"href":"https:\/\/blogs.elpunt.cat\/carlesribera\/wp-json\/wp\/v2\/tags?post=2752"}],"curies":[{"name":"wp","href":"https:\/\/api.w.org\/{rel}","templated":true}]}}