{"id":2991,"date":"2013-05-06T07:01:58","date_gmt":"2013-05-06T06:01:58","guid":{"rendered":"http:\/\/blogs.elpunt.cat\/carlesribera\/?p=2991"},"modified":"2013-05-06T07:01:58","modified_gmt":"2013-05-06T06:01:58","slug":"ja-no-som-gaire-espanyols","status":"publish","type":"post","link":"https:\/\/blogs.elpunt.cat\/carlesribera\/2013\/05\/06\/ja-no-som-gaire-espanyols\/","title":{"rendered":"Ja no som gaire espanyols"},"content":{"rendered":"<p style=\"text-align: justify\">Divendres ens sorprenia una mica a tots saber que fins i tot en les enquestes que cuina l&#8217;Estat espanyol l&#8217;opci\u00f3 de la independ\u00e8ncia del nostre pa\u00eds \u00e9s la preferida per m\u00e9s catalans. La idea que a Catalunya el sobiranisme creix i \u00e9s majoritari no \u00e9s pas nom\u00e9s una impressi\u00f3 demosc\u00f2pica, sin\u00f3 que t\u00e9 una objectiva majoria parlament\u00e0ria sortida de les eleccions del 25 de novembre. Tenint en compte que el bar\u00f2metre auton\u00f2mic del CIS va ser elaborat el setembre del 2012, dos mesos abans dels comicis catalans i en plena euf\u00f2ria postdiada, s&#8217;expliquen moltes coses sobre la guerra bruta desplegada per l&#8217;Estat destinada a desestabilitzar la campanya electoral a casa nostra. Aritm\u00e8ticament no ho van aconseguir, per\u00f2 d\u00e9u n&#8217;hi do com van xarbotar les previsions inicials. De totes maneres, a l&#8217;hora de demostrar que Catalunya i Espanya s\u00f3n realitats for\u00e7a diferents, la dada m\u00e9s rellevant de l&#8217;enquesta no \u00e9s constatar que hi ha m\u00e9s independentistes que mai, sin\u00f3 comprovar amb estupor com a l&#8217;Estat les institucions m\u00e9s respectades s\u00f3n l&#8217;ex\u00e8rcit i la Gu\u00e0rdia Civil, i que hi ha un desig creixent de la ciutadania d&#8217;aprimar l&#8217;estat auton\u00f2mic fins a la centralitzaci\u00f3 total. Sembla clar, doncs, que en aquest mirall estad\u00edstic no hi veiem pas reflectits els catalans, que ja fa mesos que hem desconnectat de la realitat espanyola i que, si encara hi tenim algun inter\u00e8s, \u00e9s perqu\u00e8 estem estacats a la seva deriva econ\u00f2mica i som consumits per la depredaci\u00f3 fiscal que ens xucla la sang. D&#8217;espanyols ja fa temps que en som ben poc. Ara cal adequar la situaci\u00f3 pol\u00edtica a la realitat que mostren urnes pr\u00f2pies i enquestes alienes.<strong><em> (Publicat a El Punt Avui el 6 de maig de 2013)<\/em><\/strong><\/p>\n","protected":false},"excerpt":{"rendered":"<p>Divendres ens sorprenia una mica a tots saber que fins i tot en les enquestes que cuina l&#8217;Estat espanyol l&#8217;opci\u00f3 de la independ\u00e8ncia del nostre pa\u00eds \u00e9s la preferida per m\u00e9s catalans. La idea que a Catalunya el sobiranisme creix i \u00e9s majoritari no \u00e9s pas nom\u00e9s una impressi\u00f3 demosc\u00f2pica, sin\u00f3 que t\u00e9 una objectiva [&hellip;]<\/p>\n","protected":false},"author":5,"featured_media":0,"comment_status":"closed","ping_status":"closed","sticky":false,"template":"","format":"standard","meta":{"footnotes":""},"categories":[5389,648],"tags":[5411,5405],"class_list":["post-2991","post","type-post","status-publish","format-standard","hentry","category-a-la-tres","category-pais-patit","tag-a-la-tres","tag-pais-patit"],"jetpack_featured_media_url":"","_links":{"self":[{"href":"https:\/\/blogs.elpunt.cat\/carlesribera\/wp-json\/wp\/v2\/posts\/2991","targetHints":{"allow":["GET"]}}],"collection":[{"href":"https:\/\/blogs.elpunt.cat\/carlesribera\/wp-json\/wp\/v2\/posts"}],"about":[{"href":"https:\/\/blogs.elpunt.cat\/carlesribera\/wp-json\/wp\/v2\/types\/post"}],"author":[{"embeddable":true,"href":"https:\/\/blogs.elpunt.cat\/carlesribera\/wp-json\/wp\/v2\/users\/5"}],"replies":[{"embeddable":true,"href":"https:\/\/blogs.elpunt.cat\/carlesribera\/wp-json\/wp\/v2\/comments?post=2991"}],"version-history":[{"count":2,"href":"https:\/\/blogs.elpunt.cat\/carlesribera\/wp-json\/wp\/v2\/posts\/2991\/revisions"}],"predecessor-version":[{"id":2993,"href":"https:\/\/blogs.elpunt.cat\/carlesribera\/wp-json\/wp\/v2\/posts\/2991\/revisions\/2993"}],"wp:attachment":[{"href":"https:\/\/blogs.elpunt.cat\/carlesribera\/wp-json\/wp\/v2\/media?parent=2991"}],"wp:term":[{"taxonomy":"category","embeddable":true,"href":"https:\/\/blogs.elpunt.cat\/carlesribera\/wp-json\/wp\/v2\/categories?post=2991"},{"taxonomy":"post_tag","embeddable":true,"href":"https:\/\/blogs.elpunt.cat\/carlesribera\/wp-json\/wp\/v2\/tags?post=2991"}],"curies":[{"name":"wp","href":"https:\/\/api.w.org\/{rel}","templated":true}]}}