{"id":3035,"date":"2013-05-23T11:10:26","date_gmt":"2013-05-23T10:10:26","guid":{"rendered":"http:\/\/blogs.elpunt.cat\/carlesribera\/?p=3035"},"modified":"2013-05-23T11:12:02","modified_gmt":"2013-05-23T10:12:02","slug":"surt-mourinho-entra-aznar","status":"publish","type":"post","link":"https:\/\/blogs.elpunt.cat\/carlesribera\/2013\/05\/23\/surt-mourinho-entra-aznar\/","title":{"rendered":"Surt Mourinho, entra Aznar"},"content":{"rendered":"<p style=\"text-align: justify\">Si la disputa entre Catalunya i Espanya fos un partit de futbol, ara mateix dir\u00edem que acaba de deixar el terreny de joc Jose Mourinho i ha entrat Jos\u00e9 Mar\u00eda Aznar. Tots els pa\u00efsos mouen la banqueta en la mesura de les seves possibilitats, i els espanyols, a l&#8217;hora d&#8217;organitzar la seva t\u00e0ctica quan juguen contra Catalunya, sigui futbol, sigui llengua, sigui economia, solen optar per una estrat\u00e8gia d&#8217;atac barroer amb pilota a l&#8217;olla, conven\u00e7uts de la seva superioritat num\u00e8rica, no \u00e9s que siguin m\u00e9s, \u00e9s que l&#8217;\u00e0rbitre va amb ells. I ara no em digueu que barrejo naps amb cols posant al mateix sac en Mourinho i el senyor del bigoti minvant, perqu\u00e8 s\u00ed que tenen a veure. S\u00f3n el tipus de persona que al pa\u00eds ve\u00ed treuen de la recambra per llan\u00e7ar contra Catalunya. Prepotents, creguts, intransigents. El perfil de l\u00edder que tenen al cap molts espanyols quan passen massa estona de cara al sol i comencen a tenir deliris d&#8217;unitat, grandesa i llibertat desbocada. Com que no poden ressuscitar qui realment voldrien perqu\u00e8 agaf\u00e9s les regnes de tot plegat, els enyoradissos de la camisa blava, de la Divisi\u00f3n Azul i de la Formaci\u00f3n del Esp\u00edritu Nacional no tenen cap m\u00e9s remei que treure&#8217;s de la m\u00e0niga el cabdill de l&#8217;Espanya que deien que anava <em>bien<\/em> mentre estava enrajolant la tomba on som ara. Endavant les atxes. Deixeu passar l&#8217;amic de Bush i Blair, l&#8217;heroi de Perejil, qui ha demostrat, de sobres, de sobres, una gran capacitat de lideratge. Si la disputa entre Catalunya i Espanya fos un partit de futbol, ara mateix diria que acaben de donar-nos un plus de motivaci\u00f3 per sortir al contracop. Cada vegada es veu m\u00e9s clar que hi haur\u00e0 remuntada. <em><strong>(Publicat a El Punt Avui el 23 de maig de 2013)<\/strong><\/em><\/p>\n","protected":false},"excerpt":{"rendered":"<p>Si la disputa entre Catalunya i Espanya fos un partit de futbol, ara mateix dir\u00edem que acaba de deixar el terreny de joc Jose Mourinho i ha entrat Jos\u00e9 Mar\u00eda Aznar. Tots els pa\u00efsos mouen la banqueta en la mesura de les seves possibilitats, i els espanyols, a l&#8217;hora d&#8217;organitzar la seva t\u00e0ctica quan juguen [&hellip;]<\/p>\n","protected":false},"author":5,"featured_media":0,"comment_status":"closed","ping_status":"closed","sticky":false,"template":"","format":"standard","meta":{"footnotes":""},"categories":[5389,648],"tags":[5411,5405],"class_list":["post-3035","post","type-post","status-publish","format-standard","hentry","category-a-la-tres","category-pais-patit","tag-a-la-tres","tag-pais-patit"],"jetpack_featured_media_url":"","_links":{"self":[{"href":"https:\/\/blogs.elpunt.cat\/carlesribera\/wp-json\/wp\/v2\/posts\/3035","targetHints":{"allow":["GET"]}}],"collection":[{"href":"https:\/\/blogs.elpunt.cat\/carlesribera\/wp-json\/wp\/v2\/posts"}],"about":[{"href":"https:\/\/blogs.elpunt.cat\/carlesribera\/wp-json\/wp\/v2\/types\/post"}],"author":[{"embeddable":true,"href":"https:\/\/blogs.elpunt.cat\/carlesribera\/wp-json\/wp\/v2\/users\/5"}],"replies":[{"embeddable":true,"href":"https:\/\/blogs.elpunt.cat\/carlesribera\/wp-json\/wp\/v2\/comments?post=3035"}],"version-history":[{"count":3,"href":"https:\/\/blogs.elpunt.cat\/carlesribera\/wp-json\/wp\/v2\/posts\/3035\/revisions"}],"predecessor-version":[{"id":3038,"href":"https:\/\/blogs.elpunt.cat\/carlesribera\/wp-json\/wp\/v2\/posts\/3035\/revisions\/3038"}],"wp:attachment":[{"href":"https:\/\/blogs.elpunt.cat\/carlesribera\/wp-json\/wp\/v2\/media?parent=3035"}],"wp:term":[{"taxonomy":"category","embeddable":true,"href":"https:\/\/blogs.elpunt.cat\/carlesribera\/wp-json\/wp\/v2\/categories?post=3035"},{"taxonomy":"post_tag","embeddable":true,"href":"https:\/\/blogs.elpunt.cat\/carlesribera\/wp-json\/wp\/v2\/tags?post=3035"}],"curies":[{"name":"wp","href":"https:\/\/api.w.org\/{rel}","templated":true}]}}