{"id":3069,"date":"2013-05-31T07:33:19","date_gmt":"2013-05-31T06:33:19","guid":{"rendered":"http:\/\/blogs.elpunt.cat\/carlesribera\/?p=3069"},"modified":"2013-05-30T18:35:29","modified_gmt":"2013-05-30T17:35:29","slug":"ciu-i-erc-duran-i-lleida","status":"publish","type":"post","link":"https:\/\/blogs.elpunt.cat\/carlesribera\/2013\/05\/31\/ciu-i-erc-duran-i-lleida\/","title":{"rendered":"CiU i ERC, Duran i Lleida"},"content":{"rendered":"<p style=\"text-align: justify\">El senyor Duran \u00e9s del parer que quan un partit fa el discurs d\u2019una altra formaci\u00f3 pol\u00edtica \u201csempre acaba guanyant l\u2019original, mai la c\u00f2pia\u201d, segons va dir ahir en una d\u2019aquestes <a title=\"tema\" href=\"http:\/\/www.elpuntavui.cat\/noticia\/article\/3-politica\/17-politica\/650362-duran-adverteix-que-si-ciu-copia-el-discurs-derc-perdra-terreny.html\" target=\"_blank\">entrevistes<\/a> que concedeix als mitjans espanyols per fer-se veure com el gran timoner que ha de reconduir submisament els catalans a la cort dels que ens diuen el nom del porc. Al l\u00edder del regionalisme catal\u00e0 el fa patir la bona sintonia entre CiU i Esquerra, o afinant m\u00e9s, entre Mas i Junqueras. El senyor Duran no va pas mancat d\u2019una certa ra\u00f3, en clau estrictament partidista, quan alerta del perill de fer discursos mim\u00e8tics. Del que va mancat, i molt, \u00e9s de realisme, abdu\u00eft com est\u00e0 per l\u2019oligarquia hispanodependent de la qual s\u2019ha fet emissari, missatger i diligent lacai, ep, i que no dic pas que no siguin un poder real i influent, per\u00f2 que de connexi\u00f3 amb all\u00f2 que en democr\u00e0cia es diu la majoria i la centralitat en tenen entre poca i gens, per temible que sigui la seva habilitat a l\u2019hora d\u2019intentar imposar el pensament avantguardista. \u00c9s veritat que el discurs de CiU t\u00e9 molts punts de contacte amb all\u00f2 que fa anys que defensa ERC en l\u2019aspecte nacional. Per\u00f2 no \u00e9s menys cert que des del partit republic\u00e0 l\u2019acostament cap a CiU en altres assumptes no \u00e9s pas menys delicat. Entre els uns i els altres hi ha un clima consensual en qu\u00e8 cadasc\u00fa \u00e9s c\u00f2pia i original alhora, i el senyor Duran no veu, o no vol veure perqu\u00e8 perilla el seu concepte de partit com a fi en si mateix, que els dos principals l\u00edders del pa\u00eds, cap dels quals \u00e9s ell, en un moment d\u2019emerg\u00e8ncia general han prioritzat per davant dels propis interessos el servei a la voluntat majorit\u00e0ria de les urnes. <em><strong>(Publicat a El Punt Avui el 30 de maig de 2013)<\/strong><\/em><\/p>\n","protected":false},"excerpt":{"rendered":"<p>El senyor Duran \u00e9s del parer que quan un partit fa el discurs d\u2019una altra formaci\u00f3 pol\u00edtica \u201csempre acaba guanyant l\u2019original, mai la c\u00f2pia\u201d, segons va dir ahir en una d\u2019aquestes entrevistes que concedeix als mitjans espanyols per fer-se veure com el gran timoner que ha de reconduir submisament els catalans a la cort dels [&hellip;]<\/p>\n","protected":false},"author":5,"featured_media":0,"comment_status":"closed","ping_status":"closed","sticky":false,"template":"","format":"standard","meta":{"footnotes":""},"categories":[5389,648],"tags":[5411,5405],"class_list":["post-3069","post","type-post","status-publish","format-standard","hentry","category-a-la-tres","category-pais-patit","tag-a-la-tres","tag-pais-patit"],"jetpack_featured_media_url":"","_links":{"self":[{"href":"https:\/\/blogs.elpunt.cat\/carlesribera\/wp-json\/wp\/v2\/posts\/3069","targetHints":{"allow":["GET"]}}],"collection":[{"href":"https:\/\/blogs.elpunt.cat\/carlesribera\/wp-json\/wp\/v2\/posts"}],"about":[{"href":"https:\/\/blogs.elpunt.cat\/carlesribera\/wp-json\/wp\/v2\/types\/post"}],"author":[{"embeddable":true,"href":"https:\/\/blogs.elpunt.cat\/carlesribera\/wp-json\/wp\/v2\/users\/5"}],"replies":[{"embeddable":true,"href":"https:\/\/blogs.elpunt.cat\/carlesribera\/wp-json\/wp\/v2\/comments?post=3069"}],"version-history":[{"count":1,"href":"https:\/\/blogs.elpunt.cat\/carlesribera\/wp-json\/wp\/v2\/posts\/3069\/revisions"}],"predecessor-version":[{"id":3070,"href":"https:\/\/blogs.elpunt.cat\/carlesribera\/wp-json\/wp\/v2\/posts\/3069\/revisions\/3070"}],"wp:attachment":[{"href":"https:\/\/blogs.elpunt.cat\/carlesribera\/wp-json\/wp\/v2\/media?parent=3069"}],"wp:term":[{"taxonomy":"category","embeddable":true,"href":"https:\/\/blogs.elpunt.cat\/carlesribera\/wp-json\/wp\/v2\/categories?post=3069"},{"taxonomy":"post_tag","embeddable":true,"href":"https:\/\/blogs.elpunt.cat\/carlesribera\/wp-json\/wp\/v2\/tags?post=3069"}],"curies":[{"name":"wp","href":"https:\/\/api.w.org\/{rel}","templated":true}]}}