{"id":3088,"date":"2013-07-21T23:24:17","date_gmt":"2013-07-21T22:24:17","guid":{"rendered":"http:\/\/blogs.elpunt.cat\/carlesribera\/?p=3088"},"modified":"2013-07-21T23:30:55","modified_gmt":"2013-07-21T22:30:55","slug":"som-una-natacio","status":"publish","type":"post","link":"https:\/\/blogs.elpunt.cat\/carlesribera\/2013\/07\/21\/som-una-natacio\/","title":{"rendered":"Som una na(ta)ci\u00f3"},"content":{"rendered":"<p>El mundial de nataci\u00f3 de Barcelona 2013 ser\u00e0 recordat, al marge de les merescud\u00edssimes fites natat\u00f2ries que s&#8217;hi assoleixin, pel memorable castell aquatic realitzat durant la cerim\u00f2nia inaugural, un exemple especialment brillant de com la creativitat i les arrels s\u00f3n perfectament combinables, i alhora aquesta cita tamb\u00e9 figurar\u00e0 en els annals de la inf\u00e0mia anticatalana, despr\u00e9s que el n\u00famero 2 de la Marca Espa\u00f1a i presumpte membre del cos diplom\u00e0tic espanyol, <a href=\"http:\/\/www.elpuntavui.cat\/ma\/article\/3-politica\/17-politica\/664833-cessat-el-numero-dos-de-la-marca-espanya-per-insultar-els-catalans-en-un-tuit.html\">tema relacionat<\/a>, ens va dedicar una manyaga a can Twitter que deia exactament, i ho deixo en l&#8217;idioma original que fa m\u00e9s impacte: &#8220;Catalanes de mierda. No se merecen nada.&#8221; L&#8217;home, funcionari d&#8217;alt rang del pa\u00eds dels desapassionats no-nacionalistes, no va poder suportar la sobirana xiulada que va rebre l&#8217;himne espanyol a la piscina del Sant Jordi.  La Marca Espa\u00f1a humiliada pels habitants de l&#8217;antigua Marca Hisp\u00e0nica, que no seria exactament el mateix. No cal fer-ne m\u00e9s sang, ni donar-hi m\u00e9s import\u00e0ncia perqu\u00e8 ja tenim prou experi\u00e8ncia acumulada per saber que la frase &#8220;Catalanes de mierda. No se mercen nada&#8221; en el fons \u00e9s la verbalitzaci\u00f3 d&#8217;una manera d&#8217;actuar de l&#8217;Estat espanyol que fa anys que experimentem els catalans, via executiva, via legislativa, via judicial. Com es va demostrar, per\u00f2, en l&#8217;acte inaugural de divendres, els catalans ja hem perdut la por. Ens hem tirat a la piscina per competir i ens mullem amb manifestacions, concerts, cadenes i tamb\u00e9 a les urnes, perqu\u00e8 no volem continuar vivint amb l&#8217;aigua al coll com els segons del castell que va emergir, potent, de l&#8217;aigua de la piscina. <strong>(Publicat a El Punt Avui el 22 de juliol de 2013)<\/strong><\/p>\n<p><a href=\"http:\/\/blogs.elpunt.cat\/carlesribera\/files\/2013\/07\/20130722-003026.jpg\"><img decoding=\"async\" src=\"http:\/\/blogs.elpunt.cat\/carlesribera\/files\/2013\/07\/20130722-003026.jpg\" alt=\"20130722-003026.jpg\" class=\"alignnone size-full\" \/><\/a><\/p>\n","protected":false},"excerpt":{"rendered":"<p>El mundial de nataci\u00f3 de Barcelona 2013 ser\u00e0 recordat, al marge de les merescud\u00edssimes fites natat\u00f2ries que s&#8217;hi assoleixin, pel memorable castell aquatic realitzat durant la cerim\u00f2nia inaugural, un exemple especialment brillant de com la creativitat i les arrels s\u00f3n perfectament combinables, i alhora aquesta cita tamb\u00e9 figurar\u00e0 en els annals de la inf\u00e0mia anticatalana, [&hellip;]<\/p>\n","protected":false},"author":5,"featured_media":0,"comment_status":"closed","ping_status":"closed","sticky":false,"template":"","format":"standard","meta":{"footnotes":""},"categories":[5389,648],"tags":[5411,5405],"class_list":["post-3088","post","type-post","status-publish","format-standard","hentry","category-a-la-tres","category-pais-patit","tag-a-la-tres","tag-pais-patit"],"jetpack_featured_media_url":"","_links":{"self":[{"href":"https:\/\/blogs.elpunt.cat\/carlesribera\/wp-json\/wp\/v2\/posts\/3088","targetHints":{"allow":["GET"]}}],"collection":[{"href":"https:\/\/blogs.elpunt.cat\/carlesribera\/wp-json\/wp\/v2\/posts"}],"about":[{"href":"https:\/\/blogs.elpunt.cat\/carlesribera\/wp-json\/wp\/v2\/types\/post"}],"author":[{"embeddable":true,"href":"https:\/\/blogs.elpunt.cat\/carlesribera\/wp-json\/wp\/v2\/users\/5"}],"replies":[{"embeddable":true,"href":"https:\/\/blogs.elpunt.cat\/carlesribera\/wp-json\/wp\/v2\/comments?post=3088"}],"version-history":[{"count":2,"href":"https:\/\/blogs.elpunt.cat\/carlesribera\/wp-json\/wp\/v2\/posts\/3088\/revisions"}],"predecessor-version":[{"id":3091,"href":"https:\/\/blogs.elpunt.cat\/carlesribera\/wp-json\/wp\/v2\/posts\/3088\/revisions\/3091"}],"wp:attachment":[{"href":"https:\/\/blogs.elpunt.cat\/carlesribera\/wp-json\/wp\/v2\/media?parent=3088"}],"wp:term":[{"taxonomy":"category","embeddable":true,"href":"https:\/\/blogs.elpunt.cat\/carlesribera\/wp-json\/wp\/v2\/categories?post=3088"},{"taxonomy":"post_tag","embeddable":true,"href":"https:\/\/blogs.elpunt.cat\/carlesribera\/wp-json\/wp\/v2\/tags?post=3088"}],"curies":[{"name":"wp","href":"https:\/\/api.w.org\/{rel}","templated":true}]}}