{"id":3106,"date":"2013-08-14T09:37:50","date_gmt":"2013-08-14T08:37:50","guid":{"rendered":"http:\/\/blogs.elpunt.cat\/carlesribera\/?p=3106"},"modified":"2013-08-14T09:37:50","modified_gmt":"2013-08-14T08:37:50","slug":"construir-i-destruir-sinonims","status":"publish","type":"post","link":"https:\/\/blogs.elpunt.cat\/carlesribera\/2013\/08\/14\/construir-i-destruir-sinonims\/","title":{"rendered":"Construir i destruir, sin\u00f2nims?"},"content":{"rendered":"<p>La setmana passada vam llegir un informe de Greenpeace en el qual s&#8217;arribava a la conclusi\u00f3 que la meitat de la costa catalana est\u00e0 destru\u00efda. D&#8217;entrada, el que demostra l&#8217;informe d&#8217;aquesta prestigiosa entitat \u00e9s que la meitat de la costa est\u00e0 constru\u00efda. Quina part d&#8217;aquesta \u201cconstrucci\u00f3\u201d \u00e9s \u201cdestrucci\u00f3\u201d no \u00e9s tan senzill de determinar, tot i que pot espatllar algun titular catastrofista.<br \/>\nD&#8217;entrada, en aquests plantejaments apocal\u00edptics hi ha una certa tend\u00e8ncia a considerar la pres\u00e8ncia i activitat humana en un entorn com un problema. No tinc prou coneixements per aventurar quin hauria de ser el grau \u00f2ptim d&#8217;ocupaci\u00f3 del litoral, per\u00f2, en tot cas, en un pa\u00eds mediterrani respon a una certa l\u00f2gica clim\u00e0tica i econ\u00f2mica el fet que la poblaci\u00f3 tingui tend\u00e8ncia a establir-se a les zones pr\u00f2ximes al mar i explotar-les. Hist\u00f2ricament ha estat aix\u00ed, a Catalunya, tot i que no hav\u00edem sigut mai tants com ara, entre locals i passavolants, ni tan concentrats a l&#8217;estiu. Estaria d&#8217;acord amb els ecologistes que tenim un litoral infecte sense pr\u00e0cticament excepci\u00f3, per\u00f2 per arribar a la mateixa conclusi\u00f3 no contraposaria tant el totxo al pintoresquisme. No \u00e9s tan preocupant que la costa estigui massa constru\u00efda, sin\u00f3 com, per a qu\u00e8, i per a qui. En segons quins aspectes, en un mes d&#8217;agost Lloret \u00e9s molt m\u00e9s sostenible que Cadaqu\u00e9s. En segons quins aspectes, cap dels dos models ens serveix perqu\u00e8 cap dels dos est\u00e0 pensat per als habitants, sin\u00f3 per als visitants. La sostenibilitat no consisteix, per tant, a no construir, sin\u00f3 a no destruir, i \u00e9s un mal punt de partida qualsevol an\u00e0lisi que consideri inevitablement sin\u00f2nims aquests dos mots. <em><strong>(Article publicat a El Punt Avui el 14 d&#8217;agost de 2013)<\/strong><\/em><\/p>\n","protected":false},"excerpt":{"rendered":"<p>La setmana passada vam llegir un informe de Greenpeace en el qual s&#8217;arribava a la conclusi\u00f3 que la meitat de la costa catalana est\u00e0 destru\u00efda. D&#8217;entrada, el que demostra l&#8217;informe d&#8217;aquesta prestigiosa entitat \u00e9s que la meitat de la costa est\u00e0 constru\u00efda. Quina part d&#8217;aquesta \u201cconstrucci\u00f3\u201d \u00e9s \u201cdestrucci\u00f3\u201d no \u00e9s tan senzill de determinar, tot [&hellip;]<\/p>\n","protected":false},"author":5,"featured_media":0,"comment_status":"closed","ping_status":"closed","sticky":false,"template":"","format":"standard","meta":{"footnotes":""},"categories":[5389,648],"tags":[5411,5405],"class_list":["post-3106","post","type-post","status-publish","format-standard","hentry","category-a-la-tres","category-pais-patit","tag-a-la-tres","tag-pais-patit"],"jetpack_featured_media_url":"","_links":{"self":[{"href":"https:\/\/blogs.elpunt.cat\/carlesribera\/wp-json\/wp\/v2\/posts\/3106","targetHints":{"allow":["GET"]}}],"collection":[{"href":"https:\/\/blogs.elpunt.cat\/carlesribera\/wp-json\/wp\/v2\/posts"}],"about":[{"href":"https:\/\/blogs.elpunt.cat\/carlesribera\/wp-json\/wp\/v2\/types\/post"}],"author":[{"embeddable":true,"href":"https:\/\/blogs.elpunt.cat\/carlesribera\/wp-json\/wp\/v2\/users\/5"}],"replies":[{"embeddable":true,"href":"https:\/\/blogs.elpunt.cat\/carlesribera\/wp-json\/wp\/v2\/comments?post=3106"}],"version-history":[{"count":0,"href":"https:\/\/blogs.elpunt.cat\/carlesribera\/wp-json\/wp\/v2\/posts\/3106\/revisions"}],"wp:attachment":[{"href":"https:\/\/blogs.elpunt.cat\/carlesribera\/wp-json\/wp\/v2\/media?parent=3106"}],"wp:term":[{"taxonomy":"category","embeddable":true,"href":"https:\/\/blogs.elpunt.cat\/carlesribera\/wp-json\/wp\/v2\/categories?post=3106"},{"taxonomy":"post_tag","embeddable":true,"href":"https:\/\/blogs.elpunt.cat\/carlesribera\/wp-json\/wp\/v2\/tags?post=3106"}],"curies":[{"name":"wp","href":"https:\/\/api.w.org\/{rel}","templated":true}]}}