{"id":3109,"date":"2013-08-15T10:51:43","date_gmt":"2013-08-15T09:51:43","guid":{"rendered":"http:\/\/blogs.elpunt.cat\/carlesribera\/?p=3109"},"modified":"2013-08-15T10:51:43","modified_gmt":"2013-08-15T09:51:43","slug":"les-lectures-destiu-de-rajoy","status":"publish","type":"post","link":"https:\/\/blogs.elpunt.cat\/carlesribera\/2013\/08\/15\/les-lectures-destiu-de-rajoy\/","title":{"rendered":"Les lectures d&#8217;estiu de Rajoy"},"content":{"rendered":"<p>Segons declarava ell mateix fa uns dies al Faro de Vigo, el senyor Rajoy est\u00e0 aprofitant les vacances per llegir Victus, la novel\u00b7la d&#8217;Albert S\u00e1nchez Pi\u00f1ol sobre el setge de Barcelona del 1714. Don Mariano comentava al mateix rotatiu gallec que el llibre \u00e9s molt interessant tot i que (sempre hi ha un per\u00f2) est\u00e0 escrit \u201cen clau nacionalista\u201d. Al rotatiu no s&#8217;especifica en quina clau nacionalista est\u00e0 escrit, possiblement perqu\u00e8 el president del govern espanyol, com tots els presidents espanyols en particular i la majoria d&#8217;espanyols en general, quan parlen de \u2018nacionalisme&#8217; pensen en el catal\u00e0 i no en el seu.<br \/>\nSegons tinc ent\u00e8s, el l\u00edder del PP no \u00e9s pas l&#8217;\u00fanic que t\u00e9 el supervendes de La Campana a la seva biblioteca. Al ministre Alberto Ruiz-Gallard\u00f3n em consta que l&#8217;hi van regalar. I tamb\u00e9 m&#8217;ha arribat que el senyor Javier Arenas l&#8217;ha comprat.<br \/>\nNo tinc clar si \u00e9s bo o dolent que a can PP tinguin Victus com a lectura d&#8217;estiu. D&#8217;entrada, els ofereix una visi\u00f3 poc convencional d&#8217;aquell nostre fat\u00eddic 11-S. D&#8217;altra banda, i d&#8217;aqu\u00ed ve el meu temor, en el llibre del senyor S\u00e1nchez Pi\u00f1ol hi ha moltes pistes sobre el paper lamentable que solem fer els catalans a l&#8217;hora de posar-nos d&#8217;acord, unificar estrat\u00e8gies i prendre decisions en els moments de la hist\u00f2ria en qu\u00e8 tot es juga a caixa o faixa.<br \/>\nEn fi, que l&#8217;\u00fanic que podem treure en clar de la lectura d&#8217;estiu del senyor Rajoy \u00e9s que resol for\u00e7a una inc\u00f2gnita que ens amo\u00efnava des de feia dies. Tenint en compte que Victus t\u00e9 608 p\u00e0gines i que enganxa molt, ara s&#8217;ent\u00e9n que encara no hagi tingut temps de llegir la carta d&#8217;Artur Mas i contestar-la. <em><strong>(Publicat el 15 d&#8217;agost de 2013 a El Punt Avui)<\/strong><\/em><\/p>\n","protected":false},"excerpt":{"rendered":"<p>Segons declarava ell mateix fa uns dies al Faro de Vigo, el senyor Rajoy est\u00e0 aprofitant les vacances per llegir Victus, la novel\u00b7la d&#8217;Albert S\u00e1nchez Pi\u00f1ol sobre el setge de Barcelona del 1714. Don Mariano comentava al mateix rotatiu gallec que el llibre \u00e9s molt interessant tot i que (sempre hi ha un per\u00f2) est\u00e0 [&hellip;]<\/p>\n","protected":false},"author":5,"featured_media":0,"comment_status":"closed","ping_status":"closed","sticky":false,"template":"","format":"standard","meta":{"footnotes":""},"categories":[5389,648],"tags":[5411,5405],"class_list":["post-3109","post","type-post","status-publish","format-standard","hentry","category-a-la-tres","category-pais-patit","tag-a-la-tres","tag-pais-patit"],"jetpack_featured_media_url":"","_links":{"self":[{"href":"https:\/\/blogs.elpunt.cat\/carlesribera\/wp-json\/wp\/v2\/posts\/3109","targetHints":{"allow":["GET"]}}],"collection":[{"href":"https:\/\/blogs.elpunt.cat\/carlesribera\/wp-json\/wp\/v2\/posts"}],"about":[{"href":"https:\/\/blogs.elpunt.cat\/carlesribera\/wp-json\/wp\/v2\/types\/post"}],"author":[{"embeddable":true,"href":"https:\/\/blogs.elpunt.cat\/carlesribera\/wp-json\/wp\/v2\/users\/5"}],"replies":[{"embeddable":true,"href":"https:\/\/blogs.elpunt.cat\/carlesribera\/wp-json\/wp\/v2\/comments?post=3109"}],"version-history":[{"count":0,"href":"https:\/\/blogs.elpunt.cat\/carlesribera\/wp-json\/wp\/v2\/posts\/3109\/revisions"}],"wp:attachment":[{"href":"https:\/\/blogs.elpunt.cat\/carlesribera\/wp-json\/wp\/v2\/media?parent=3109"}],"wp:term":[{"taxonomy":"category","embeddable":true,"href":"https:\/\/blogs.elpunt.cat\/carlesribera\/wp-json\/wp\/v2\/categories?post=3109"},{"taxonomy":"post_tag","embeddable":true,"href":"https:\/\/blogs.elpunt.cat\/carlesribera\/wp-json\/wp\/v2\/tags?post=3109"}],"curies":[{"name":"wp","href":"https:\/\/api.w.org\/{rel}","templated":true}]}}