{"id":3110,"date":"2013-08-17T08:39:54","date_gmt":"2013-08-17T07:39:54","guid":{"rendered":"http:\/\/blogs.elpunt.cat\/carlesribera\/?p=3110"},"modified":"2013-08-17T08:39:55","modified_gmt":"2013-08-17T07:39:55","slug":"catalunya-capital-prada","status":"publish","type":"post","link":"https:\/\/blogs.elpunt.cat\/carlesribera\/2013\/08\/17\/catalunya-capital-prada\/","title":{"rendered":"Catalunya, capital Prada"},"content":{"rendered":"<p>La localitat de Prada, a la comarca del Conflent, \u00e9s des d&#8217;avui el marc de l&#8217;edici\u00f3 n\u00famero quaranta-cinc de la Universitat Catalana d&#8217;Estiu. Una cita tradicional de la cultura i l&#8217;activisme pol\u00edtic nostrat que durant molts anys ha anat trampejant aqu\u00ed caic, all\u00e0 m&#8217;aixeco, i en alguns temps no gaire reculats entre mirades de sufici\u00e8ncia de molts sectors acad\u00e8mics intel\u00b7lectualment massa estirats i patri\u00f2ticament massa poc compromesos per anar a dissertar en cal\u00e7a curta a un aplec de la ceba que, a m\u00e9s, des de la pol\u00edtica majorit\u00e0ria fins no fa gaire era vist com un sobreeixidor d&#8217;estiu per a foguerades d&#8217;agost de quatre ut\u00f2pics d&#8217;un inter\u00e8s purament folkl\u00f2ric i antropol\u00f2gic.<br \/>\nLa tasca que fa avui la Universitat Catalana d&#8217;Estiu ja no \u00e9s ut\u00f2pica (si \u00e9s que mai ho ha estat en el mal sentit de la paraula), sin\u00f3 program\u00e0tica, i una prova concloent n&#8217;\u00e9s la lli\u00e7\u00f3 inaugural de la senyora Elisenda Paluzi\u00e9, degana de la Facultat d&#8217;Economia i Empresa de la UB, sobre la viabilitat d&#8217;un estat catal\u00e0. Tamb\u00e9 s&#8217;hi deixaran caure les primeres espases de la pol\u00edtica, ja se sap que en aquests temps que corren la peregrinaci\u00f3 \u00e9s obligada i altament recomanable.<br \/>\nQu\u00e8 ha canviat, a Prada? Res. \u00c9s des de Prada que, com des d&#8217;alguns altres f\u00f2rums on fa anys que piquen pedra, s&#8217;ha ajudat a canviar el catalanisme. Des de la mod\u00e8stia de mitjans per\u00f2 amb una perseveran\u00e7a conven\u00e7uda. A Catalunya ens cal impulsar estructures d&#8217;Estat, per\u00f2 tamb\u00e9 preservar aquelles que hauran contribu\u00eft, molt sovint contra el corrent, que una Catalunya lliure no sigui una truita somiada sin\u00f3 una treballada realitat. <em><strong>(Publicat a El Punt Avui el 17 d&#8217;agost de 2013)<\/strong><\/em><\/p>\n","protected":false},"excerpt":{"rendered":"<p>La localitat de Prada, a la comarca del Conflent, \u00e9s des d&#8217;avui el marc de l&#8217;edici\u00f3 n\u00famero quaranta-cinc de la Universitat Catalana d&#8217;Estiu. Una cita tradicional de la cultura i l&#8217;activisme pol\u00edtic nostrat que durant molts anys ha anat trampejant aqu\u00ed caic, all\u00e0 m&#8217;aixeco, i en alguns temps no gaire reculats entre mirades de sufici\u00e8ncia [&hellip;]<\/p>\n","protected":false},"author":5,"featured_media":0,"comment_status":"closed","ping_status":"closed","sticky":false,"template":"","format":"standard","meta":{"footnotes":""},"categories":[5389,648],"tags":[5411,5405],"class_list":["post-3110","post","type-post","status-publish","format-standard","hentry","category-a-la-tres","category-pais-patit","tag-a-la-tres","tag-pais-patit"],"jetpack_featured_media_url":"","_links":{"self":[{"href":"https:\/\/blogs.elpunt.cat\/carlesribera\/wp-json\/wp\/v2\/posts\/3110","targetHints":{"allow":["GET"]}}],"collection":[{"href":"https:\/\/blogs.elpunt.cat\/carlesribera\/wp-json\/wp\/v2\/posts"}],"about":[{"href":"https:\/\/blogs.elpunt.cat\/carlesribera\/wp-json\/wp\/v2\/types\/post"}],"author":[{"embeddable":true,"href":"https:\/\/blogs.elpunt.cat\/carlesribera\/wp-json\/wp\/v2\/users\/5"}],"replies":[{"embeddable":true,"href":"https:\/\/blogs.elpunt.cat\/carlesribera\/wp-json\/wp\/v2\/comments?post=3110"}],"version-history":[{"count":0,"href":"https:\/\/blogs.elpunt.cat\/carlesribera\/wp-json\/wp\/v2\/posts\/3110\/revisions"}],"wp:attachment":[{"href":"https:\/\/blogs.elpunt.cat\/carlesribera\/wp-json\/wp\/v2\/media?parent=3110"}],"wp:term":[{"taxonomy":"category","embeddable":true,"href":"https:\/\/blogs.elpunt.cat\/carlesribera\/wp-json\/wp\/v2\/categories?post=3110"},{"taxonomy":"post_tag","embeddable":true,"href":"https:\/\/blogs.elpunt.cat\/carlesribera\/wp-json\/wp\/v2\/tags?post=3110"}],"curies":[{"name":"wp","href":"https:\/\/api.w.org\/{rel}","templated":true}]}}