{"id":3111,"date":"2013-08-18T11:37:00","date_gmt":"2013-08-18T10:37:00","guid":{"rendered":"http:\/\/blogs.elpunt.cat\/carlesribera\/?p=3111"},"modified":"2013-08-18T11:37:00","modified_gmt":"2013-08-18T10:37:00","slug":"venen-mesos-amb-molta-erra","status":"publish","type":"post","link":"https:\/\/blogs.elpunt.cat\/carlesribera\/2013\/08\/18\/venen-mesos-amb-molta-erra\/","title":{"rendered":"V\u00e9nen mesos amb molta erra"},"content":{"rendered":"<p>El senyor Gabriel Ferrater, en el poema El mutilat, va descriure el per\u00edode de l&#8217;any que enfila cap a la tardor i m\u00e9s enll\u00e0 (de setembre a abril, que s\u00f3n els mesos que porten incorporada aquesta consonant) amb el conegut vers \u201cvindran mesos amb erra\u201d, que trobo especialment afortunat. No s\u00e9 per qu\u00e8, suposo que a causa d&#8217;una certa mitomania ferrateriana, procuro rellegir aquest poema cada vegada que enfilem la segona quinzena d&#8217;agost, l&#8217;\u00faltim sense erra.<br \/>\nEnguany, tanmateix, l&#8217;arribada dels mesos amb erra em suggereix imatges m\u00e9s prosaiques que no pas po\u00e8tiques. Perqu\u00e8 \u00e9s cert que vindran, com cada any, mesos amb erra; per\u00f2, per exemple, portaran amb erra de reivindicaci\u00f3, amb la via catalana de l&#8217;Onze de Setembre. Tamb\u00e9 vindran, temo, mesos amb erra de retallades, a finals d&#8217;octubre o principis de novembre, que \u00e9s quan s&#8217;ha d&#8217;aprovar el pressupost catal\u00e0; tampoc faltar\u00e0 l&#8217;erra de refer\u00e8ndum, la data del qual, per anar b\u00e9 s&#8217;hauria d&#8217;anunciar no m\u00e9s tard del desembre.<br \/>\nPodr\u00edem continuar amb el gener, el febrer, el mar\u00e7 i l&#8217;abril, que seran mesos amb erra de resist\u00e8ncia, amb erra d&#8217;actituds resolutives, amb erra de reaccions prudents i de rearmament moral per a les europees, el primer assalt fins a cert punt plebiscitari pel dret a decidir. S&#8217;acosten, com es pot comprovar, mesos amb moltes i moltes erres, i haurem d&#8217;anar alerta per no estrompassar i que al final de tot el recorregut no hi trobem nom\u00e9s erres de rendici\u00f3, ren\u00fancia i resignaci\u00f3, fins ara les tradicionals virtuts teologals invertides del catalanisme hi hagu\u00e9s o no hi hagu\u00e9s erres als mesos, als dies i als anys. <em><strong>(Publicat a El Punt Avui el 18 d&#8217;agost de 2013)<\/strong><\/em><\/p>\n","protected":false},"excerpt":{"rendered":"<p>El senyor Gabriel Ferrater, en el poema El mutilat, va descriure el per\u00edode de l&#8217;any que enfila cap a la tardor i m\u00e9s enll\u00e0 (de setembre a abril, que s\u00f3n els mesos que porten incorporada aquesta consonant) amb el conegut vers \u201cvindran mesos amb erra\u201d, que trobo especialment afortunat. No s\u00e9 per qu\u00e8, suposo que [&hellip;]<\/p>\n","protected":false},"author":5,"featured_media":0,"comment_status":"closed","ping_status":"closed","sticky":false,"template":"","format":"standard","meta":{"footnotes":""},"categories":[5389,648],"tags":[5411,5405],"class_list":["post-3111","post","type-post","status-publish","format-standard","hentry","category-a-la-tres","category-pais-patit","tag-a-la-tres","tag-pais-patit"],"jetpack_featured_media_url":"","_links":{"self":[{"href":"https:\/\/blogs.elpunt.cat\/carlesribera\/wp-json\/wp\/v2\/posts\/3111","targetHints":{"allow":["GET"]}}],"collection":[{"href":"https:\/\/blogs.elpunt.cat\/carlesribera\/wp-json\/wp\/v2\/posts"}],"about":[{"href":"https:\/\/blogs.elpunt.cat\/carlesribera\/wp-json\/wp\/v2\/types\/post"}],"author":[{"embeddable":true,"href":"https:\/\/blogs.elpunt.cat\/carlesribera\/wp-json\/wp\/v2\/users\/5"}],"replies":[{"embeddable":true,"href":"https:\/\/blogs.elpunt.cat\/carlesribera\/wp-json\/wp\/v2\/comments?post=3111"}],"version-history":[{"count":0,"href":"https:\/\/blogs.elpunt.cat\/carlesribera\/wp-json\/wp\/v2\/posts\/3111\/revisions"}],"wp:attachment":[{"href":"https:\/\/blogs.elpunt.cat\/carlesribera\/wp-json\/wp\/v2\/media?parent=3111"}],"wp:term":[{"taxonomy":"category","embeddable":true,"href":"https:\/\/blogs.elpunt.cat\/carlesribera\/wp-json\/wp\/v2\/categories?post=3111"},{"taxonomy":"post_tag","embeddable":true,"href":"https:\/\/blogs.elpunt.cat\/carlesribera\/wp-json\/wp\/v2\/tags?post=3111"}],"curies":[{"name":"wp","href":"https:\/\/api.w.org\/{rel}","templated":true}]}}