{"id":3112,"date":"2013-08-20T09:43:19","date_gmt":"2013-08-20T08:43:19","guid":{"rendered":"http:\/\/blogs.elpunt.cat\/carlesribera\/?p=3112"},"modified":"2013-08-20T09:43:19","modified_gmt":"2013-08-20T08:43:19","slug":"objectiu-matar-la-via-catalana","status":"publish","type":"post","link":"https:\/\/blogs.elpunt.cat\/carlesribera\/2013\/08\/20\/objectiu-matar-la-via-catalana\/","title":{"rendered":"Objectiu, matar la Via catalana"},"content":{"rendered":"<p>No hi deu haver cap pol\u00edtic m\u00ednimament conegut que no hagi fet algun cop afirmacions de l&#8217;estil \u201ccal tornar la pol\u00edtica als ciutadans\u201d, \u201ccal treballar per acostar la gent a la pol\u00edtica\u201d o \u201ccal lluitar contra la desmobilitzaci\u00f3 de la societat\u201d i bla, bla, bla. Mantres destinats a fer el simp\u00e0tic en \u00e8poques de baixa participaci\u00f3 electoral o de descr\u00e8dit general dels gestors de la cosa p\u00fablica. Avui, i aqu\u00ed, la cantarella no funciona. La societat catalana \u00e9s un exemple \u00fanic d&#8217;activisme de base en una Europa desmobilitzada durant anys i actualment desconcertada pel benestar minvant. A casa nostra la poblaci\u00f3 ha desbordat els pol\u00edtics i estira el carro amb una empenta transversal, multitudin\u00e0ria i perseverant. A Catalunya hi ha una idea potent capa\u00e7 d&#8217;aglutinar voluntats, moure culs de les cadires i activar la imaginaci\u00f3. Una part molt important d&#8217;un pa\u00eds lluita per un ideal democr\u00e0tic. Un ideal que no \u00e9s ni el dret a decidir, ni el federalisme, ni la indignaci\u00f3, ni l&#8217;autonomisme, opcions leg\u00edtimes per\u00f2 incapaces de convocar masses. A Catalunya la gent que surt al carrer ho fa per la independ\u00e8ncia. I ara que tenim tants ciutadans engrescats per un objectiu (m\u00e9s o menys desitjable i m\u00e9s o menys majoritari, per\u00f2 que \u00e9s aquest i no cap altre), la partitocr\u00e0cia m\u00e9s immobilista i els mitjans que prefereixen crear l&#8217;actualitat abans que formar-ne part bombardegen el proc\u00e9s. Boicotejar all\u00f2 que representa la Via Catalana podria generar m\u00e9s frustraci\u00f3 que no pas no sumar prou per la independ\u00e8ncia. Perqu\u00e8 desmotivar el capital hum\u00e0 actiu posa en risc no nom\u00e9s les ganes comunes de ser sin\u00f3, sobretot, el desig col\u00b7lectiu de fer. <em><strong> (Publicat a El Punt Avui el 20 d&#8217;agost de 2013)<\/strong><\/em><\/p>\n","protected":false},"excerpt":{"rendered":"<p>No hi deu haver cap pol\u00edtic m\u00ednimament conegut que no hagi fet algun cop afirmacions de l&#8217;estil \u201ccal tornar la pol\u00edtica als ciutadans\u201d, \u201ccal treballar per acostar la gent a la pol\u00edtica\u201d o \u201ccal lluitar contra la desmobilitzaci\u00f3 de la societat\u201d i bla, bla, bla. Mantres destinats a fer el simp\u00e0tic en \u00e8poques de baixa [&hellip;]<\/p>\n","protected":false},"author":5,"featured_media":0,"comment_status":"closed","ping_status":"closed","sticky":false,"template":"","format":"standard","meta":{"footnotes":""},"categories":[5389,648],"tags":[5411,5405],"class_list":["post-3112","post","type-post","status-publish","format-standard","hentry","category-a-la-tres","category-pais-patit","tag-a-la-tres","tag-pais-patit"],"jetpack_featured_media_url":"","_links":{"self":[{"href":"https:\/\/blogs.elpunt.cat\/carlesribera\/wp-json\/wp\/v2\/posts\/3112","targetHints":{"allow":["GET"]}}],"collection":[{"href":"https:\/\/blogs.elpunt.cat\/carlesribera\/wp-json\/wp\/v2\/posts"}],"about":[{"href":"https:\/\/blogs.elpunt.cat\/carlesribera\/wp-json\/wp\/v2\/types\/post"}],"author":[{"embeddable":true,"href":"https:\/\/blogs.elpunt.cat\/carlesribera\/wp-json\/wp\/v2\/users\/5"}],"replies":[{"embeddable":true,"href":"https:\/\/blogs.elpunt.cat\/carlesribera\/wp-json\/wp\/v2\/comments?post=3112"}],"version-history":[{"count":0,"href":"https:\/\/blogs.elpunt.cat\/carlesribera\/wp-json\/wp\/v2\/posts\/3112\/revisions"}],"wp:attachment":[{"href":"https:\/\/blogs.elpunt.cat\/carlesribera\/wp-json\/wp\/v2\/media?parent=3112"}],"wp:term":[{"taxonomy":"category","embeddable":true,"href":"https:\/\/blogs.elpunt.cat\/carlesribera\/wp-json\/wp\/v2\/categories?post=3112"},{"taxonomy":"post_tag","embeddable":true,"href":"https:\/\/blogs.elpunt.cat\/carlesribera\/wp-json\/wp\/v2\/tags?post=3112"}],"curies":[{"name":"wp","href":"https:\/\/api.w.org\/{rel}","templated":true}]}}