{"id":3114,"date":"2013-08-21T17:39:39","date_gmt":"2013-08-21T16:39:39","guid":{"rendered":"http:\/\/blogs.elpunt.cat\/carlesribera\/?p=3114"},"modified":"2013-08-21T17:39:39","modified_gmt":"2013-08-21T16:39:39","slug":"el-psc-crema-les-naus","status":"publish","type":"post","link":"https:\/\/blogs.elpunt.cat\/carlesribera\/2013\/08\/21\/el-psc-crema-les-naus\/","title":{"rendered":"El PSC crema les naus"},"content":{"rendered":"<p>Ara us pensareu que m&#8217;ha tocat massa el sol i desvariejo, per\u00f2 haig de confessar que quan l&#8217;independentisme va comen\u00e7ar a ocupar la centralitat pol\u00edtica la meva intu\u00efci\u00f3 era que el PSC se situaria com la formaci\u00f3 amb m\u00e9s futur en una Catalunya independent.<\/p>\n<p>M&#8217;explico. El proc\u00e9s cap a l&#8217;estat propi provoca un immens desgast en les forces que, per convicci\u00f3 o b\u00e9 empeses pel clam ciutad\u00e0, estiren el carro. Un desgast que pot comportar que algun partit es desintegri pel cam\u00ed o poc despr\u00e9s d&#8217;arribar a la meta i que els que tenen la independ\u00e8ncia com a principal objectiu quedin superats per falta de programa general. En el marc de la nova Catalunya, on caldr\u00e0 m\u00e9s cap que cor, m\u00e9s capacitat d&#8217;organitzaci\u00f3 que de mobilitzaci\u00f3, els socialistes haurien pogut acreditar un balan\u00e7 de m\u00e9s de trenta anys d&#8217;experi\u00e8ncia en la gesti\u00f3 p\u00fablica. No calia pas que el PSC s&#8217;acost\u00e9s al sobiranisme, per mantenir les opcions. N&#8217;hi havia prou amb donar un suport esc\u00e8ptic i as\u00e8ptic, per\u00f2 inequ\u00edvoc, al dret a decidir. \u00c9s m\u00e9s, amb aquesta actitud, si l&#8217;operaci\u00f3 estat propi no acab\u00e9s b\u00e9, haurien pogut quedar com el partit centrat i solvent destinat a refer la trencadissa. Lluny d&#8217;aquest escenari, per\u00f2, Navarro i Cia han optat per posar tots els ous en el cistell del frac\u00e0s sobiranista, aspirant a ser, de la m\u00e0 del PSOE, els salvadors d&#8217;un pa\u00eds enfonsat per haver confiat en un projecte derrotat. El daltabaix sobiranista \u00e9s una hip\u00f2tesi possible, per qu\u00e8 negar-ho. Per\u00f2 si Catalunya fracassa en l&#8217;actual objectiu majoritari, el PSC ser\u00e0 vist com a part activa d&#8217;aquesta desfeta. Quan alg\u00fa cau pel precipici, l&#8217;\u00faltima m\u00e0 que busca \u00e9s la de qui l&#8217;ha emp\u00e8s. <em><strong>(Publicat a El Punt Avui el 21 d&#8217;agost de 2013)<\/strong><\/em><\/p>\n","protected":false},"excerpt":{"rendered":"<p>Ara us pensareu que m&#8217;ha tocat massa el sol i desvariejo, per\u00f2 haig de confessar que quan l&#8217;independentisme va comen\u00e7ar a ocupar la centralitat pol\u00edtica la meva intu\u00efci\u00f3 era que el PSC se situaria com la formaci\u00f3 amb m\u00e9s futur en una Catalunya independent. M&#8217;explico. El proc\u00e9s cap a l&#8217;estat propi provoca un immens desgast [&hellip;]<\/p>\n","protected":false},"author":5,"featured_media":0,"comment_status":"closed","ping_status":"closed","sticky":false,"template":"","format":"standard","meta":{"footnotes":""},"categories":[5389,648],"tags":[5411,5405],"class_list":["post-3114","post","type-post","status-publish","format-standard","hentry","category-a-la-tres","category-pais-patit","tag-a-la-tres","tag-pais-patit"],"jetpack_featured_media_url":"","_links":{"self":[{"href":"https:\/\/blogs.elpunt.cat\/carlesribera\/wp-json\/wp\/v2\/posts\/3114","targetHints":{"allow":["GET"]}}],"collection":[{"href":"https:\/\/blogs.elpunt.cat\/carlesribera\/wp-json\/wp\/v2\/posts"}],"about":[{"href":"https:\/\/blogs.elpunt.cat\/carlesribera\/wp-json\/wp\/v2\/types\/post"}],"author":[{"embeddable":true,"href":"https:\/\/blogs.elpunt.cat\/carlesribera\/wp-json\/wp\/v2\/users\/5"}],"replies":[{"embeddable":true,"href":"https:\/\/blogs.elpunt.cat\/carlesribera\/wp-json\/wp\/v2\/comments?post=3114"}],"version-history":[{"count":1,"href":"https:\/\/blogs.elpunt.cat\/carlesribera\/wp-json\/wp\/v2\/posts\/3114\/revisions"}],"predecessor-version":[{"id":3115,"href":"https:\/\/blogs.elpunt.cat\/carlesribera\/wp-json\/wp\/v2\/posts\/3114\/revisions\/3115"}],"wp:attachment":[{"href":"https:\/\/blogs.elpunt.cat\/carlesribera\/wp-json\/wp\/v2\/media?parent=3114"}],"wp:term":[{"taxonomy":"category","embeddable":true,"href":"https:\/\/blogs.elpunt.cat\/carlesribera\/wp-json\/wp\/v2\/categories?post=3114"},{"taxonomy":"post_tag","embeddable":true,"href":"https:\/\/blogs.elpunt.cat\/carlesribera\/wp-json\/wp\/v2\/tags?post=3114"}],"curies":[{"name":"wp","href":"https:\/\/api.w.org\/{rel}","templated":true}]}}