{"id":3117,"date":"2013-08-22T05:13:21","date_gmt":"2013-08-22T04:13:21","guid":{"rendered":"http:\/\/blogs.elpunt.cat\/carlesribera\/?p=3117"},"modified":"2013-08-21T19:17:01","modified_gmt":"2013-08-21T18:17:01","slug":"pregunta-des-del-tram-764","status":"publish","type":"post","link":"https:\/\/blogs.elpunt.cat\/carlesribera\/2013\/08\/22\/pregunta-des-del-tram-764\/","title":{"rendered":"Pregunta des del tram 764"},"content":{"rendered":"<p>Fa un mes llarg em vaig inscriure a la Via Catalana. Tram 764. Segons la convocat\u00f2ria, era una cadena per la independ\u00e8ncia. Amb aquest objectiu l\u2019ANC ja ha aplegat 340.000 persones. Ara, des de diversos fronts s\u2019est\u00e0 revisant la cosa per afegir-hi no se sap ben b\u00e9 qu\u00e8 i satisfer no se sap ben b\u00e9 qui.<br \/>\nNo s\u2019hi val. Les regles no es poden canviar a mitja partida. L\u2019any passat, en circumst\u00e0ncies similars pr\u00e8vies a la manifestaci\u00f3 de la Diada, la presidenta de l\u2019ANC, Carme Forcadell, <a href=\"http:\/\/www.elpuntavui.cat\/noticia\/article\/3-politica\/17-politica\/574873-tothom-que-vingui-a-la-manifestacio-el-comptarem-com-a-independentista.html\" title=\"El tema\" target=\"_blank\">afirmava, contundent<\/a>: \u201cTothom que vingui a la manifestaci\u00f3 el comptarem com a independentista.\u201d Va ser un \u00e8xit sense precedents, amb un lema inequ\u00edvoc. Un any despr\u00e9s, el vicepresident de l\u2019ANC, Jaume Marfany, va respondre dilluns passat al mateix tipus d\u2019intoxicacions exactament amb <a href=\"http:\/\/www.elpuntavui.cat\/noticia\/article\/3-politica\/17-politica\/671371-lanc-avisa-que-tots-els-participants-a-la-via-catalana-seran-comptats-com-a-independentistes.html\" title=\"la frase\" target=\"_blank\">la mateixa frase<\/a>, mot per mot. A Marfany li han tocat el crost\u00f3. Es veu que cal eixamplar la base, ser inclusius, conv\u00e8ncer m\u00e9s gent. Molt b\u00e9, nom\u00e9s faltaria. Com m\u00e9s siguem, m\u00e9s decidirem. Per\u00f2 abans de donar-me la m\u00e0 en una cadena humana amb dues persones que probablement no coneixer\u00e9 de res m\u2019agradaria saber qu\u00e8 coi hi anem a fer. No fos cas que l\u2019endem\u00e0 sent\u00eds a dir que m\u2019he encadenat pel pacte fiscal o per l\u2019addicional tercera. La dispersi\u00f3 dels objectius no queda clar que ajudi a portar m\u00e9s gent, i si en porta por ser pitjor perqu\u00e8 el dia 12 comen\u00e7arem a discutir sobre qu\u00e8 hi reivindic\u00e0vem exactament. Per tant, estaria b\u00e9 aclarir amb temps si els participants en la Via serem comptats o no com a independentistes, per rumiar si he de cedir amablement el lloc a algun entusiasta pel dret a decidir marejar la perdiu. <em><strong>(Article publicat a El Punt Avui el 22 d&#8217;agost de 2013)<\/strong><\/em><\/p>\n","protected":false},"excerpt":{"rendered":"<p>Fa un mes llarg em vaig inscriure a la Via Catalana. Tram 764. Segons la convocat\u00f2ria, era una cadena per la independ\u00e8ncia. Amb aquest objectiu l\u2019ANC ja ha aplegat 340.000 persones. Ara, des de diversos fronts s\u2019est\u00e0 revisant la cosa per afegir-hi no se sap ben b\u00e9 qu\u00e8 i satisfer no se sap ben b\u00e9 [&hellip;]<\/p>\n","protected":false},"author":5,"featured_media":0,"comment_status":"closed","ping_status":"closed","sticky":false,"template":"","format":"standard","meta":{"footnotes":""},"categories":[5389,648],"tags":[5411,5405],"class_list":["post-3117","post","type-post","status-publish","format-standard","hentry","category-a-la-tres","category-pais-patit","tag-a-la-tres","tag-pais-patit"],"jetpack_featured_media_url":"","_links":{"self":[{"href":"https:\/\/blogs.elpunt.cat\/carlesribera\/wp-json\/wp\/v2\/posts\/3117","targetHints":{"allow":["GET"]}}],"collection":[{"href":"https:\/\/blogs.elpunt.cat\/carlesribera\/wp-json\/wp\/v2\/posts"}],"about":[{"href":"https:\/\/blogs.elpunt.cat\/carlesribera\/wp-json\/wp\/v2\/types\/post"}],"author":[{"embeddable":true,"href":"https:\/\/blogs.elpunt.cat\/carlesribera\/wp-json\/wp\/v2\/users\/5"}],"replies":[{"embeddable":true,"href":"https:\/\/blogs.elpunt.cat\/carlesribera\/wp-json\/wp\/v2\/comments?post=3117"}],"version-history":[{"count":3,"href":"https:\/\/blogs.elpunt.cat\/carlesribera\/wp-json\/wp\/v2\/posts\/3117\/revisions"}],"predecessor-version":[{"id":3119,"href":"https:\/\/blogs.elpunt.cat\/carlesribera\/wp-json\/wp\/v2\/posts\/3117\/revisions\/3119"}],"wp:attachment":[{"href":"https:\/\/blogs.elpunt.cat\/carlesribera\/wp-json\/wp\/v2\/media?parent=3117"}],"wp:term":[{"taxonomy":"category","embeddable":true,"href":"https:\/\/blogs.elpunt.cat\/carlesribera\/wp-json\/wp\/v2\/categories?post=3117"},{"taxonomy":"post_tag","embeddable":true,"href":"https:\/\/blogs.elpunt.cat\/carlesribera\/wp-json\/wp\/v2\/tags?post=3117"}],"curies":[{"name":"wp","href":"https:\/\/api.w.org\/{rel}","templated":true}]}}