{"id":3121,"date":"2013-08-27T09:43:30","date_gmt":"2013-08-27T08:43:30","guid":{"rendered":"http:\/\/blogs.elpunt.cat\/carlesribera\/?p=3121"},"modified":"2013-08-27T09:43:31","modified_gmt":"2013-08-27T08:43:31","slug":"la-senyora-sanchez-ha-tornat","status":"publish","type":"post","link":"https:\/\/blogs.elpunt.cat\/carlesribera\/2013\/08\/27\/la-senyora-sanchez-ha-tornat\/","title":{"rendered":"La senyora S\u00e1nchez ha tornat"},"content":{"rendered":"<p>Ignoro on ha passat les vacances la senyora S\u00e1nchez, per\u00f2 haig de confessar que ja l&#8217;enyorava una mica. Aquesta manera de vociferar que t\u00e9 tan escandalosa, aquest to de tertuliana de televisi\u00f3 escombraria, aquesta falta absoluta de sentit de la mesura i el seu desconeixement creixent del que passa a Catalunya, desconeixement no pas fruit de la ignor\u00e0ncia sin\u00f3 de la resist\u00e8ncia a obrir els ulls, tot plegat ens aporta una mica m\u00e9s de llum al proc\u00e9s cap a la independ\u00e8ncia del nostre pa\u00eds. Probablement els organitzadors de la Via Catalana van obrir ahir alguna ampolla de cava i van fer una mica de ballarusca en tornar a sentir la veu agressiva de la senyora S\u00e1nchez dient pestes de l&#8217;independentisme i anunciant que se sumar\u00e0 a la cadena reaccion\u00e0ria que pret\u00e9n anar a buscar brega a la Sagrada Fam\u00edlia per veure si es rifa alguna h\u00f2stia, cosa que no aconseguiran perqu\u00e8 tenim m\u00e9s seny que ells. No ho he calculat cient\u00edficament, per\u00f2 intueixo que cada cop que la senyora S\u00e1nchez obre la boca hi ha un miler de catalans m\u00e9s que s&#8217;inscriuen en la via per la independ\u00e8ncia. Vinga doncs! Convidem-la a totes les tert\u00falies, a tots els programes, pengem-ne els v\u00eddeos a can Youtube i fem-ho circular per les xarxes socials, i no caldr\u00e0 patir m\u00e9s per la falta de gent en alguns trams. Ep, i si no n&#8217;hi ha prou amb la senyora S\u00e1nchez, acostem la carxofa al senyor Millo, que tamb\u00e9 es mor de ganes de bramar. I als senyors Rivera, Navarro i Ca\u00f1as. No cal preocupar-se. Si falt\u00e9s un mes m\u00e9s per a la Diada, amb aquest cor de la r\u00e0bia podr\u00edem fer una cadena de pujada i una altra de baixada. Garlin, garlin, senyora S\u00e1nchez i companyia, que ho fan molt b\u00e9. <em><strong>(Publicat a El Punt Avui el 27 d&#8217;agost de 2013)<\/strong><\/em><\/p>\n","protected":false},"excerpt":{"rendered":"<p>Ignoro on ha passat les vacances la senyora S\u00e1nchez, per\u00f2 haig de confessar que ja l&#8217;enyorava una mica. Aquesta manera de vociferar que t\u00e9 tan escandalosa, aquest to de tertuliana de televisi\u00f3 escombraria, aquesta falta absoluta de sentit de la mesura i el seu desconeixement creixent del que passa a Catalunya, desconeixement no pas fruit [&hellip;]<\/p>\n","protected":false},"author":5,"featured_media":0,"comment_status":"closed","ping_status":"closed","sticky":false,"template":"","format":"standard","meta":{"footnotes":""},"categories":[5389,648],"tags":[5411,5405],"class_list":["post-3121","post","type-post","status-publish","format-standard","hentry","category-a-la-tres","category-pais-patit","tag-a-la-tres","tag-pais-patit"],"jetpack_featured_media_url":"","_links":{"self":[{"href":"https:\/\/blogs.elpunt.cat\/carlesribera\/wp-json\/wp\/v2\/posts\/3121","targetHints":{"allow":["GET"]}}],"collection":[{"href":"https:\/\/blogs.elpunt.cat\/carlesribera\/wp-json\/wp\/v2\/posts"}],"about":[{"href":"https:\/\/blogs.elpunt.cat\/carlesribera\/wp-json\/wp\/v2\/types\/post"}],"author":[{"embeddable":true,"href":"https:\/\/blogs.elpunt.cat\/carlesribera\/wp-json\/wp\/v2\/users\/5"}],"replies":[{"embeddable":true,"href":"https:\/\/blogs.elpunt.cat\/carlesribera\/wp-json\/wp\/v2\/comments?post=3121"}],"version-history":[{"count":0,"href":"https:\/\/blogs.elpunt.cat\/carlesribera\/wp-json\/wp\/v2\/posts\/3121\/revisions"}],"wp:attachment":[{"href":"https:\/\/blogs.elpunt.cat\/carlesribera\/wp-json\/wp\/v2\/media?parent=3121"}],"wp:term":[{"taxonomy":"category","embeddable":true,"href":"https:\/\/blogs.elpunt.cat\/carlesribera\/wp-json\/wp\/v2\/categories?post=3121"},{"taxonomy":"post_tag","embeddable":true,"href":"https:\/\/blogs.elpunt.cat\/carlesribera\/wp-json\/wp\/v2\/tags?post=3121"}],"curies":[{"name":"wp","href":"https:\/\/api.w.org\/{rel}","templated":true}]}}