{"id":3123,"date":"2013-08-29T05:39:41","date_gmt":"2013-08-29T04:39:41","guid":{"rendered":"http:\/\/blogs.elpunt.cat\/carlesribera\/?p=3123"},"modified":"2013-08-28T20:42:54","modified_gmt":"2013-08-28T19:42:54","slug":"pp-republica-i-franquisme","status":"publish","type":"post","link":"https:\/\/blogs.elpunt.cat\/carlesribera\/2013\/08\/29\/pp-republica-i-franquisme\/","title":{"rendered":"PP, rep\u00fablica i franquisme"},"content":{"rendered":"<p>En la picabaralla tavern\u00e0ria entre el PP i el PSOE, el premi a qui la diu m\u00e9s grossa d\u2019ahir se\u2019l va endur el portaveu adjunt del PP al Congr\u00e9s dels Diputats, Rafael Hernando, que va <a href=\"http:\/\/www.cuatro.com\/las-mananas-de-cuatro\/politica\/Hernando-compara-simbolos-banderas-republicanas_2_1659555068.html\" title=\"La perla\" target=\"_blank\">treure import\u00e0ncia<\/a> a les fotos que circulen de militants del seu partit amb banderes franquistes i falangistes, assegurant que s\u00f3n tan inconstitucionals com la bandera republicana. La perversi\u00f3 d\u2019aquesta afirmaci\u00f3 nom\u00e9s la pot fer alg\u00fa que no sap diferenciar entre qu\u00e8 \u00e9s democr\u00e0tic i qu\u00e8 no ho \u00e9s o, encara pitjor, all\u00f2 que \u00e9s democr\u00e0tic i all\u00f2 que hi va en contra. Perqu\u00e8 podr\u00edem estar d\u2019acord amb el senyor Hernando que ni la bandera franquista ni la bandera de l\u2019extinta rep\u00fablica d\u2019Espanya s\u00f3n avui s\u00edmbols constitucionals. Per\u00f2 passar del no ser al ser anti \u00e9s saltar-se diverses regles de la gram\u00e0tica, de la sem\u00e0ntica, de la hist\u00f2ria i de l\u2019\u00e8tica pol\u00edtica. Hi ha molts estendards que no s\u00f3n constitucionals, per\u00f2 que no per aix\u00f2 van contra la Carta Magna espanyola. La bandera de la Creu Roja, la del Club S\u00faper 3, la del Real Madrid o l\u2019estelada, per citar casos diversos, s\u00f3n ensenyes de col\u00b7lectius que no tenen impl\u00edcitament res contra la Constituci\u00f3. L\u2019estelada, per exemple, representa els que volem respectar la constituci\u00f3 que els espanyols vulguin tenir, per\u00f2 que volem fer-ho des del pa\u00eds del costat. L\u2019estanquera franquista, en canvi, simbolitza una ideologia contr\u00e0ria a un r\u00e8gim constitucional democr\u00e0tic com per cert era el republic\u00e0 de la tricolor. Esperar que un senyor del PP distingeixi entre qu\u00e8 no \u00e9s constitucional i qu\u00e8 \u00e9s anticonstitucional \u00e9s demanar massa a aquells que nom\u00e9s coneixen catecismes fora dels quals tot \u00e9s confusi\u00f3 i confusible. <em><strong>(Publicat a El Punt Avui el 29 d&#8217;agost de 2013)<\/strong><\/em><\/p>\n","protected":false},"excerpt":{"rendered":"<p>En la picabaralla tavern\u00e0ria entre el PP i el PSOE, el premi a qui la diu m\u00e9s grossa d\u2019ahir se\u2019l va endur el portaveu adjunt del PP al Congr\u00e9s dels Diputats, Rafael Hernando, que va treure import\u00e0ncia a les fotos que circulen de militants del seu partit amb banderes franquistes i falangistes, assegurant que s\u00f3n [&hellip;]<\/p>\n","protected":false},"author":5,"featured_media":0,"comment_status":"closed","ping_status":"closed","sticky":false,"template":"","format":"standard","meta":{"footnotes":""},"categories":[5389,648],"tags":[5411,5405],"class_list":["post-3123","post","type-post","status-publish","format-standard","hentry","category-a-la-tres","category-pais-patit","tag-a-la-tres","tag-pais-patit"],"jetpack_featured_media_url":"","_links":{"self":[{"href":"https:\/\/blogs.elpunt.cat\/carlesribera\/wp-json\/wp\/v2\/posts\/3123","targetHints":{"allow":["GET"]}}],"collection":[{"href":"https:\/\/blogs.elpunt.cat\/carlesribera\/wp-json\/wp\/v2\/posts"}],"about":[{"href":"https:\/\/blogs.elpunt.cat\/carlesribera\/wp-json\/wp\/v2\/types\/post"}],"author":[{"embeddable":true,"href":"https:\/\/blogs.elpunt.cat\/carlesribera\/wp-json\/wp\/v2\/users\/5"}],"replies":[{"embeddable":true,"href":"https:\/\/blogs.elpunt.cat\/carlesribera\/wp-json\/wp\/v2\/comments?post=3123"}],"version-history":[{"count":2,"href":"https:\/\/blogs.elpunt.cat\/carlesribera\/wp-json\/wp\/v2\/posts\/3123\/revisions"}],"predecessor-version":[{"id":3125,"href":"https:\/\/blogs.elpunt.cat\/carlesribera\/wp-json\/wp\/v2\/posts\/3123\/revisions\/3125"}],"wp:attachment":[{"href":"https:\/\/blogs.elpunt.cat\/carlesribera\/wp-json\/wp\/v2\/media?parent=3123"}],"wp:term":[{"taxonomy":"category","embeddable":true,"href":"https:\/\/blogs.elpunt.cat\/carlesribera\/wp-json\/wp\/v2\/categories?post=3123"},{"taxonomy":"post_tag","embeddable":true,"href":"https:\/\/blogs.elpunt.cat\/carlesribera\/wp-json\/wp\/v2\/tags?post=3123"}],"curies":[{"name":"wp","href":"https:\/\/api.w.org\/{rel}","templated":true}]}}