{"id":3126,"date":"2013-08-31T04:25:53","date_gmt":"2013-08-31T03:25:53","guid":{"rendered":"http:\/\/blogs.elpunt.cat\/carlesribera\/?p=3126"},"modified":"2013-08-30T19:28:12","modified_gmt":"2013-08-30T18:28:12","slug":"chacon-espera-temps-millors","status":"publish","type":"post","link":"https:\/\/blogs.elpunt.cat\/carlesribera\/2013\/08\/31\/chacon-espera-temps-millors\/","title":{"rendered":"Chac\u00f3n espera temps millors"},"content":{"rendered":"<p>En tota personalitat pol\u00edtica \u00e9s inevitable un punt d\u2019ambici\u00f3 personal, de comportament exhibicionista, de ganes de figurar. \u00c9s una caracter\u00edstica consubstancial a la projecci\u00f3 p\u00fablica. Un peatge necessari que hem de pagar els que preferim quedar-nos a casa o mirar-ho des de la barrera. Uns defectes que hem de disculpar a aquells que se\u2019n cuiden d\u2019organitzar una societat que sempre exigeix, sempre es queixa, i no es pregunta pr\u00e0cticament mai qu\u00e8 pot fer pel pa\u00eds en comptes de pensar qu\u00e8 pot fer el pa\u00eds per ell, i perdoneu-me si m\u2019he posat una mica kennedyi\u00e0.<br \/>\nSovint aquestes ganes de figurar i aquests personalismes una mica desmesurats es compensen amb una bona tasca de gesti\u00f3 i de servei que els exhonera. En d\u2019altres casos, com tots sabem, no nom\u00e9s no \u00e9s aix\u00ed sin\u00f3 que ens roben la cartera i ens aixequen la camisa i ara no em feu citar noms perqu\u00e8 em quedaria sense espai i vull parlar d\u2019un tercer cas. \u00c9s el dels pol\u00edtics que busquen exclusivament la seva promoci\u00f3 personal. No cal que robin, no cal que enganyin. Per\u00f2 tot all\u00f2 que ambicionen \u00e9s la seva projecci\u00f3 p\u00fablica. La senyora Carme Chac\u00f3n, per citar un nom, s\u2019ha llaurat un brillant curr\u00edculum pol\u00edtic, on ja hi t\u00e9 escrit fins i tot el seu pas per la presid\u00e8ncia del govern de la seva estimada Espanya a l\u2019espera que la realitat no sigui tan tossuda. Mentre no arriba el moment, ha buscat un lloc c\u00e0lid com a caserna d\u2019hivern. Potser tornar\u00e0. Per ella no quedar\u00e0 pas. Per\u00f2 si continua construint el seu full de serveis com ho ha fet fins ara ser\u00e0 d\u2019aquelles figures que han deixat record d\u2019all\u00f2 que han sigut, per\u00f2 dels quals ning\u00fa recorda qu\u00e8 han fet.<em> <strong>(Publicat a El Punt Avui el 31 d&#8217;agost de 2013)<\/strong><\/em><\/p>\n","protected":false},"excerpt":{"rendered":"<p>En tota personalitat pol\u00edtica \u00e9s inevitable un punt d\u2019ambici\u00f3 personal, de comportament exhibicionista, de ganes de figurar. \u00c9s una caracter\u00edstica consubstancial a la projecci\u00f3 p\u00fablica. Un peatge necessari que hem de pagar els que preferim quedar-nos a casa o mirar-ho des de la barrera. Uns defectes que hem de disculpar a aquells que se\u2019n cuiden [&hellip;]<\/p>\n","protected":false},"author":5,"featured_media":0,"comment_status":"closed","ping_status":"closed","sticky":false,"template":"","format":"standard","meta":{"footnotes":""},"categories":[5389,648],"tags":[5411,5405],"class_list":["post-3126","post","type-post","status-publish","format-standard","hentry","category-a-la-tres","category-pais-patit","tag-a-la-tres","tag-pais-patit"],"jetpack_featured_media_url":"","_links":{"self":[{"href":"https:\/\/blogs.elpunt.cat\/carlesribera\/wp-json\/wp\/v2\/posts\/3126","targetHints":{"allow":["GET"]}}],"collection":[{"href":"https:\/\/blogs.elpunt.cat\/carlesribera\/wp-json\/wp\/v2\/posts"}],"about":[{"href":"https:\/\/blogs.elpunt.cat\/carlesribera\/wp-json\/wp\/v2\/types\/post"}],"author":[{"embeddable":true,"href":"https:\/\/blogs.elpunt.cat\/carlesribera\/wp-json\/wp\/v2\/users\/5"}],"replies":[{"embeddable":true,"href":"https:\/\/blogs.elpunt.cat\/carlesribera\/wp-json\/wp\/v2\/comments?post=3126"}],"version-history":[{"count":0,"href":"https:\/\/blogs.elpunt.cat\/carlesribera\/wp-json\/wp\/v2\/posts\/3126\/revisions"}],"wp:attachment":[{"href":"https:\/\/blogs.elpunt.cat\/carlesribera\/wp-json\/wp\/v2\/media?parent=3126"}],"wp:term":[{"taxonomy":"category","embeddable":true,"href":"https:\/\/blogs.elpunt.cat\/carlesribera\/wp-json\/wp\/v2\/categories?post=3126"},{"taxonomy":"post_tag","embeddable":true,"href":"https:\/\/blogs.elpunt.cat\/carlesribera\/wp-json\/wp\/v2\/tags?post=3126"}],"curies":[{"name":"wp","href":"https:\/\/api.w.org\/{rel}","templated":true}]}}