{"id":3128,"date":"2013-09-06T09:04:44","date_gmt":"2013-09-06T08:04:44","guid":{"rendered":"http:\/\/blogs.elpunt.cat\/carlesribera\/?p=3128"},"modified":"2013-09-06T09:04:44","modified_gmt":"2013-09-06T08:04:44","slug":"mas-posa-el-termometre","status":"publish","type":"post","link":"https:\/\/blogs.elpunt.cat\/carlesribera\/2013\/09\/06\/mas-posa-el-termometre\/","title":{"rendered":"Mas posa el term\u00f3metre"},"content":{"rendered":"<p>El president Mas ha deixat caure un parell de missatges per mesurar la temperatura ciutadana per mitj\u00e0 de dues idees que no s\u00f3n estrictament noves per\u00f2 que estan oportunament encadenades. D&#8217;entrada, ha parlat obertament de la proclamaci\u00f3 unilateral d&#8217;independ\u00e8ncia com a possibilitat. En segon lloc, ha llan\u00e7at la pilota endavant, fins al 2016, embolicant-la amb un munt de justificacions estrat\u00e8giques. Les dues propostes, tanmateix, deixen Mas deutor d&#8217;unes paraules per\u00f2 no li permeten controlar els terminis, perqu\u00e8 s&#8217;escapen de la seva capacitat d&#8217;acci\u00f3. Hi ha elements externs, com ara el suport d&#8217;Esquerra. Tamb\u00e9 hi ha l&#8217;agenda madrilenya, inestable com mai, constitucionalment ortodoxa com sempre i amb la propietat de l&#8217;aixeta del finan\u00e7ament. Tenim les eleccions europees, no les menystinguem pas com a mesurador. I finalment hi ha el poble, i dic finalment no pas perqu\u00e8 ocupi l&#8217;\u00faltim lloc, sin\u00f3 perqu\u00e8 justament per ser l&#8217;actor m\u00e9s important de l&#8217;escena catalana val la pena deixar-lo per al final. Recordem que el president Mas l&#8217;any passat per aquestes dates plantejava el pacte fiscal com a fita de la legislatura. La Diada va atropellar els plans i un any despr\u00e9s hem tingut eleccions i una declaraci\u00f3 de sobirania que ens han fet avan\u00e7ar unes quantes caselles en el proc\u00e9s. Ahir, Mas va voler posar el fre fins al 2016 a un vehicle que, en realitat, des de fa un any condueix la gent que d&#8217;aqu\u00ed a cinc dies far\u00e0 la Via Catalana. Per cert, amb l&#8217;espanyola Abertis (aix\u00f2 s\u00ed que \u00e9s una novetat gens menyspreable) al\u00e7ant barreres. Mas ha posat el term\u00f2metre al pa\u00eds. Dimecres sabrem quina temperatura hi ha. (Publicat a El Punt Avui el 6 de setembre de 2013)<\/p>\n","protected":false},"excerpt":{"rendered":"<p>El president Mas ha deixat caure un parell de missatges per mesurar la temperatura ciutadana per mitj\u00e0 de dues idees que no s\u00f3n estrictament noves per\u00f2 que estan oportunament encadenades. D&#8217;entrada, ha parlat obertament de la proclamaci\u00f3 unilateral d&#8217;independ\u00e8ncia com a possibilitat. En segon lloc, ha llan\u00e7at la pilota endavant, fins al 2016, embolicant-la amb [&hellip;]<\/p>\n","protected":false},"author":5,"featured_media":0,"comment_status":"closed","ping_status":"closed","sticky":false,"template":"","format":"standard","meta":{"footnotes":""},"categories":[5389,648],"tags":[5411,5405],"class_list":["post-3128","post","type-post","status-publish","format-standard","hentry","category-a-la-tres","category-pais-patit","tag-a-la-tres","tag-pais-patit"],"jetpack_featured_media_url":"","_links":{"self":[{"href":"https:\/\/blogs.elpunt.cat\/carlesribera\/wp-json\/wp\/v2\/posts\/3128","targetHints":{"allow":["GET"]}}],"collection":[{"href":"https:\/\/blogs.elpunt.cat\/carlesribera\/wp-json\/wp\/v2\/posts"}],"about":[{"href":"https:\/\/blogs.elpunt.cat\/carlesribera\/wp-json\/wp\/v2\/types\/post"}],"author":[{"embeddable":true,"href":"https:\/\/blogs.elpunt.cat\/carlesribera\/wp-json\/wp\/v2\/users\/5"}],"replies":[{"embeddable":true,"href":"https:\/\/blogs.elpunt.cat\/carlesribera\/wp-json\/wp\/v2\/comments?post=3128"}],"version-history":[{"count":0,"href":"https:\/\/blogs.elpunt.cat\/carlesribera\/wp-json\/wp\/v2\/posts\/3128\/revisions"}],"wp:attachment":[{"href":"https:\/\/blogs.elpunt.cat\/carlesribera\/wp-json\/wp\/v2\/media?parent=3128"}],"wp:term":[{"taxonomy":"category","embeddable":true,"href":"https:\/\/blogs.elpunt.cat\/carlesribera\/wp-json\/wp\/v2\/categories?post=3128"},{"taxonomy":"post_tag","embeddable":true,"href":"https:\/\/blogs.elpunt.cat\/carlesribera\/wp-json\/wp\/v2\/tags?post=3128"}],"curies":[{"name":"wp","href":"https:\/\/api.w.org\/{rel}","templated":true}]}}