{"id":3132,"date":"2013-09-13T10:15:54","date_gmt":"2013-09-13T09:15:54","guid":{"rendered":"http:\/\/blogs.elpunt.cat\/carlesribera\/?p=3132"},"modified":"2013-09-13T10:15:54","modified_gmt":"2013-09-13T09:15:54","slug":"gracies-als-que-no-van-fer-via","status":"publish","type":"post","link":"https:\/\/blogs.elpunt.cat\/carlesribera\/2013\/09\/13\/gracies-als-que-no-van-fer-via\/","title":{"rendered":"Gr\u00e0cies als que no van fer via"},"content":{"rendered":"<p>El gran \u00e8xit de la Via Catalana cal compartir-lo, per ser justos i equ\u00e0nimes, amb tota la ciutadania de Catalunya que no va participar-hi perqu\u00e8 no hi estava d&#8217;acord. No es tracta pas de rebaixar el m\u00e8rit de tots els que hi vam ser, perqu\u00e8 aquests figurarem a la foto hist\u00f2rica i som els que hem fet possible que el m\u00f3n ens conegui tal com som, civilitzats i decidits, i tal com volem ser, habitants d&#8217;un nou estat del m\u00f3n. Tanmateix, \u00e9s indiscutible que en la memorable reivindicaci\u00f3 tranquil\u00b7la d&#8217;una Diada memorable, hi va tenir una participaci\u00f3 destacada, per omissi\u00f3, la poblaci\u00f3 que va veure desfilar la cadena amb tota la naturalitat discrepant, sense necessitat d&#8217;amagar el cap sota l&#8217;ala d&#8217;un barret panam\u00e0, ni de buscar l&#8217;enfrontament o la provocaci\u00f3. Pot semblar que aix\u00f2 \u00e9s convertir en excepcional un fet normal, per\u00f2 la normalitat, en una situaci\u00f3 d&#8217;excepcionalitat pol\u00edtica com la que viu Catalunya, \u00e9s un b\u00e9 preuat. No hi ha cap majoria silenciosa com sost\u00e9 la vicepresidenta espanyola. Perqu\u00e8 no \u00e9s majoria (si m&#8217;ho vol rebatre, senyora, ens veiem a les urnes) i perqu\u00e8 preferiria no dir-ne silenciosa sin\u00f3 respectuosa. Uns catalans que saben que tard o d&#8217;hora hauran de votar i que continuaran vivint, i convivint, en la Catalunya que en resulti. Gr\u00e0cies, per tant, als catalans que estan contra la cadena per\u00f2 no busquen brega. Gr\u00e0cies per no haver caigut en la temptaci\u00f3 de fer o secundar contramobilitzacions d&#8217;alt risc, tot i les pressions medi\u00e0tiques dels que atien l&#8217;odi des de fora. Aquest seny com\u00fa no s\u00e9 si far\u00e0 Catalunya m\u00e9s lliure, per\u00f2 la fa m\u00e9s s\u00f2lida. Enhorabona i que duri, que v\u00e9nen temps moguts. <em><strong>(Publicat a El Punt Avui el 13 de setembre de 2013)<\/strong><\/em><\/p>\n","protected":false},"excerpt":{"rendered":"<p>El gran \u00e8xit de la Via Catalana cal compartir-lo, per ser justos i equ\u00e0nimes, amb tota la ciutadania de Catalunya que no va participar-hi perqu\u00e8 no hi estava d&#8217;acord. No es tracta pas de rebaixar el m\u00e8rit de tots els que hi vam ser, perqu\u00e8 aquests figurarem a la foto hist\u00f2rica i som els que [&hellip;]<\/p>\n","protected":false},"author":5,"featured_media":0,"comment_status":"closed","ping_status":"closed","sticky":false,"template":"","format":"standard","meta":{"footnotes":""},"categories":[5389,648],"tags":[5411,5405],"class_list":["post-3132","post","type-post","status-publish","format-standard","hentry","category-a-la-tres","category-pais-patit","tag-a-la-tres","tag-pais-patit"],"jetpack_featured_media_url":"","_links":{"self":[{"href":"https:\/\/blogs.elpunt.cat\/carlesribera\/wp-json\/wp\/v2\/posts\/3132","targetHints":{"allow":["GET"]}}],"collection":[{"href":"https:\/\/blogs.elpunt.cat\/carlesribera\/wp-json\/wp\/v2\/posts"}],"about":[{"href":"https:\/\/blogs.elpunt.cat\/carlesribera\/wp-json\/wp\/v2\/types\/post"}],"author":[{"embeddable":true,"href":"https:\/\/blogs.elpunt.cat\/carlesribera\/wp-json\/wp\/v2\/users\/5"}],"replies":[{"embeddable":true,"href":"https:\/\/blogs.elpunt.cat\/carlesribera\/wp-json\/wp\/v2\/comments?post=3132"}],"version-history":[{"count":0,"href":"https:\/\/blogs.elpunt.cat\/carlesribera\/wp-json\/wp\/v2\/posts\/3132\/revisions"}],"wp:attachment":[{"href":"https:\/\/blogs.elpunt.cat\/carlesribera\/wp-json\/wp\/v2\/media?parent=3132"}],"wp:term":[{"taxonomy":"category","embeddable":true,"href":"https:\/\/blogs.elpunt.cat\/carlesribera\/wp-json\/wp\/v2\/categories?post=3132"},{"taxonomy":"post_tag","embeddable":true,"href":"https:\/\/blogs.elpunt.cat\/carlesribera\/wp-json\/wp\/v2\/tags?post=3132"}],"curies":[{"name":"wp","href":"https:\/\/api.w.org\/{rel}","templated":true}]}}