{"id":3133,"date":"2013-09-19T09:34:17","date_gmt":"2013-09-19T08:34:17","guid":{"rendered":"http:\/\/blogs.elpunt.cat\/carlesribera\/?p=3133"},"modified":"2013-09-19T09:34:17","modified_gmt":"2013-09-19T08:34:17","slug":"lladren-senyal-que-cavalquem","status":"publish","type":"post","link":"https:\/\/blogs.elpunt.cat\/carlesribera\/2013\/09\/19\/lladren-senyal-que-cavalquem\/","title":{"rendered":"Lladren, senyal que cavalquem"},"content":{"rendered":"<p>Una setmana despr\u00e9s de la demostraci\u00f3 de for\u00e7a democr\u00e0tica de la societat catalana, la reacci\u00f3 procedent tant de l&#8217;exterior com del quintacolumnisme catal\u00e0 continua instal\u00b7lada molt majorit\u00e0riament en el menyspreu, la desqualificaci\u00f3 i les amenaces de to entre casernari i apocal\u00edptic. Per no moure&#8217;s, ni canvien els exemples, i les cantarelles m\u00e0ntriques que la Constituci\u00f3 no permet una consulta, que els catalans quedar\u00edem fora de la Uni\u00f3 Europea, o que Catalunya hauria de ser bombardejada cada cinquanta anys, continuen dominant entre els arguments de m\u00e9s pes per seduir els catalans que Espanya ens estima tant que vol que ens quedem. L&#8217;abra\u00e7ada de l&#8217;\u00f3s, ens faran, de tant que ens estimen.<br \/>\nFins i tot hem sabut (gr\u00e0cies al president de la Diputaci\u00f3 de Barcelona, que va rebre el comentari) que el rei d&#8217;Espanya culpa TV3, El Punt Avui i La Vanguardia d&#8217;esverar el galliner independentista. Celebro que el monarca sigui lector amatent d&#8217;aquest rotatiu, desitjo que hagi gaudit amb la lectura de la s\u00e8rie que hem dedicat aquest estiu a la seva reial nissaga i, naturalment, atendrem amablement la seva trucada si vol comprar els dos llibres que se n&#8217;han editat. Afanyi&#8217;s, majestat, que ens els treuen dels dits. Res de nou, doncs, per part d&#8217;aquesta gent que de l&#8217;insult en diu di\u00e0leg. Els espanyols, que tenen una llengua molt esmolada, utilitzen un adagi falsament atribu\u00eft a Don Quixot, que, en traducci\u00f3 d&#8217;urg\u00e8ncia, vindria a dir \u201clladren, senyal que cavalquem\u201d. Que lladrin. Nosaltres a cavalcar. Sense perdre la marxa. Per\u00f2, sobretot, seguint el s\u00edmil eq\u00fcestre, sense perdre els estreps. <em><strong>(Publicat a El Punt Avui el 19 de setembre de 2013)<\/strong><\/em><\/p>\n","protected":false},"excerpt":{"rendered":"<p>Una setmana despr\u00e9s de la demostraci\u00f3 de for\u00e7a democr\u00e0tica de la societat catalana, la reacci\u00f3 procedent tant de l&#8217;exterior com del quintacolumnisme catal\u00e0 continua instal\u00b7lada molt majorit\u00e0riament en el menyspreu, la desqualificaci\u00f3 i les amenaces de to entre casernari i apocal\u00edptic. Per no moure&#8217;s, ni canvien els exemples, i les cantarelles m\u00e0ntriques que la Constituci\u00f3 [&hellip;]<\/p>\n","protected":false},"author":5,"featured_media":0,"comment_status":"closed","ping_status":"closed","sticky":false,"template":"","format":"standard","meta":{"footnotes":""},"categories":[5389,648],"tags":[5411,5405],"class_list":["post-3133","post","type-post","status-publish","format-standard","hentry","category-a-la-tres","category-pais-patit","tag-a-la-tres","tag-pais-patit"],"jetpack_featured_media_url":"","_links":{"self":[{"href":"https:\/\/blogs.elpunt.cat\/carlesribera\/wp-json\/wp\/v2\/posts\/3133","targetHints":{"allow":["GET"]}}],"collection":[{"href":"https:\/\/blogs.elpunt.cat\/carlesribera\/wp-json\/wp\/v2\/posts"}],"about":[{"href":"https:\/\/blogs.elpunt.cat\/carlesribera\/wp-json\/wp\/v2\/types\/post"}],"author":[{"embeddable":true,"href":"https:\/\/blogs.elpunt.cat\/carlesribera\/wp-json\/wp\/v2\/users\/5"}],"replies":[{"embeddable":true,"href":"https:\/\/blogs.elpunt.cat\/carlesribera\/wp-json\/wp\/v2\/comments?post=3133"}],"version-history":[{"count":0,"href":"https:\/\/blogs.elpunt.cat\/carlesribera\/wp-json\/wp\/v2\/posts\/3133\/revisions"}],"wp:attachment":[{"href":"https:\/\/blogs.elpunt.cat\/carlesribera\/wp-json\/wp\/v2\/media?parent=3133"}],"wp:term":[{"taxonomy":"category","embeddable":true,"href":"https:\/\/blogs.elpunt.cat\/carlesribera\/wp-json\/wp\/v2\/categories?post=3133"},{"taxonomy":"post_tag","embeddable":true,"href":"https:\/\/blogs.elpunt.cat\/carlesribera\/wp-json\/wp\/v2\/tags?post=3133"}],"curies":[{"name":"wp","href":"https:\/\/api.w.org\/{rel}","templated":true}]}}