{"id":3134,"date":"2013-09-16T09:35:30","date_gmt":"2013-09-16T08:35:30","guid":{"rendered":"http:\/\/blogs.elpunt.cat\/carlesribera\/?p=3134"},"modified":"2013-09-19T09:36:36","modified_gmt":"2013-09-19T08:36:36","slug":"el-nostre-home-a-panama","status":"publish","type":"post","link":"https:\/\/blogs.elpunt.cat\/carlesribera\/2013\/09\/16\/el-nostre-home-a-panama\/","title":{"rendered":"El nostre home a Panam\u00e0"},"content":{"rendered":"<p>En totes les situacions complexes de vegades cal prendre una mica de dist\u00e0ncia, de perspectiva, per poder veure-hi clar i de manera desapassionada. Deu ser per aix\u00f2 que el senyor Josep Antoni Duran i Lleida va estimar-se m\u00e9s contemplar la Via Catalana des de 8.804,73 quil\u00f2metres de dist\u00e0ncia, els que separen Barcelona de Panam\u00e0. Fruit d&#8217;aquesta an\u00e0lisi feta amb una visi\u00f3 panor\u00e0mica inq\u00fcestionable, el senyor Duran va redactar la seva carta habitual a la milit\u00e0ncia amb un coneixement de causa i una sensaci\u00f3 sobre la Diada que els catalans que \u00e9rem sobre el terreny, presoners de la dist\u00e0ncia curta, no hem pogut albirar. El d&#8217;Uni\u00f3 ha tornat a fer una crida a la prud\u00e8ncia, a no generar enfrontaments, a \u201cno dividir el pa\u00eds en funci\u00f3 de l&#8217;horitz\u00f3 nacional de cadasc\u00fa\u201d, una frase destinada al sobiranisme perqu\u00e8 resulta que obligar a continuar sent espanyols a un mili\u00f3 sis-cents mil catalans que, pel cap baix, van sortir a reclamar la independ\u00e8ncia, no deu generar divisi\u00f3. La frase m\u00e9s curiosa de la missiva del l\u00edder democratacristi\u00e0 \u00e9s una que manlleva al president Francesc Maci\u00e0, naturalment descontextualitzant-la: \u201cS&#8217;ha de renunciar a part dels ideals pensant en l&#8217;inter\u00e8s d&#8217;un poble.\u201d Com diu el llibre sagrat dels democratacristians (Mateu, 7:3) hi ha gent que veu la palla en l&#8217;ull ali\u00e8 sense copsar la biga que tenen al seu. Perqu\u00e8 potser el senyor Duran i Lleida hauria de contextualitzar la frase de l&#8217;Avi Maci\u00e0, aplicar-se-la a ell mateix, i renunciar als seus ideals de continuar sent l&#8217;enlla\u00e7 de l&#8217;espanyolisme a Catalunya pensant en l&#8217;inter\u00e8s d&#8217;un poble que no est\u00e0 interessat en l&#8217;inter\u00e8s de Duran. <em><strong>(Publicat a El Punt Avui el 16 de setembre de 2013)<\/strong><\/em><\/p>\n","protected":false},"excerpt":{"rendered":"<p>En totes les situacions complexes de vegades cal prendre una mica de dist\u00e0ncia, de perspectiva, per poder veure-hi clar i de manera desapassionada. Deu ser per aix\u00f2 que el senyor Josep Antoni Duran i Lleida va estimar-se m\u00e9s contemplar la Via Catalana des de 8.804,73 quil\u00f2metres de dist\u00e0ncia, els que separen Barcelona de Panam\u00e0. Fruit [&hellip;]<\/p>\n","protected":false},"author":5,"featured_media":0,"comment_status":"closed","ping_status":"closed","sticky":false,"template":"","format":"standard","meta":{"footnotes":""},"categories":[5389,648],"tags":[5411,5405],"class_list":["post-3134","post","type-post","status-publish","format-standard","hentry","category-a-la-tres","category-pais-patit","tag-a-la-tres","tag-pais-patit"],"jetpack_featured_media_url":"","_links":{"self":[{"href":"https:\/\/blogs.elpunt.cat\/carlesribera\/wp-json\/wp\/v2\/posts\/3134","targetHints":{"allow":["GET"]}}],"collection":[{"href":"https:\/\/blogs.elpunt.cat\/carlesribera\/wp-json\/wp\/v2\/posts"}],"about":[{"href":"https:\/\/blogs.elpunt.cat\/carlesribera\/wp-json\/wp\/v2\/types\/post"}],"author":[{"embeddable":true,"href":"https:\/\/blogs.elpunt.cat\/carlesribera\/wp-json\/wp\/v2\/users\/5"}],"replies":[{"embeddable":true,"href":"https:\/\/blogs.elpunt.cat\/carlesribera\/wp-json\/wp\/v2\/comments?post=3134"}],"version-history":[{"count":0,"href":"https:\/\/blogs.elpunt.cat\/carlesribera\/wp-json\/wp\/v2\/posts\/3134\/revisions"}],"wp:attachment":[{"href":"https:\/\/blogs.elpunt.cat\/carlesribera\/wp-json\/wp\/v2\/media?parent=3134"}],"wp:term":[{"taxonomy":"category","embeddable":true,"href":"https:\/\/blogs.elpunt.cat\/carlesribera\/wp-json\/wp\/v2\/categories?post=3134"},{"taxonomy":"post_tag","embeddable":true,"href":"https:\/\/blogs.elpunt.cat\/carlesribera\/wp-json\/wp\/v2\/tags?post=3134"}],"curies":[{"name":"wp","href":"https:\/\/api.w.org\/{rel}","templated":true}]}}