{"id":3135,"date":"2013-09-23T14:43:50","date_gmt":"2013-09-23T13:43:50","guid":{"rendered":"http:\/\/blogs.elpunt.cat\/carlesribera\/?p=3135"},"modified":"2013-09-23T14:43:50","modified_gmt":"2013-09-23T13:43:50","slug":"el-curs-politic-decisiu","status":"publish","type":"post","link":"https:\/\/blogs.elpunt.cat\/carlesribera\/2013\/09\/23\/el-curs-politic-decisiu\/","title":{"rendered":"El curs pol\u00edtic decisiu"},"content":{"rendered":"<p>El debat sobre l&#8217;estat de la naci\u00f3 (els autonomistes estrictes llegiu debat de pol\u00edtica general) obre aquesta setmana un curs parlamentari que, si tot va b\u00e9, ser\u00e0 el m\u00e9s decisiu de la hist\u00f2ria de la Catalunya aut\u00f2noma. Decisiu no pas perqu\u00e8 els ciutadans h\u00e0gim de decidir res (ja vam fer via per la Diada, i passar la decisi\u00f3 per les urnes quedaria per al pr\u00f2xim curs, anant b\u00e9), sin\u00f3 perqu\u00e8 hem de con\u00e8ixer data i pregunta i intentar trobar la f\u00f3rmula per facilitar que la consulta sobre la independ\u00e8ncia (perqu\u00e8 a aquestes altures ja no podem ser preguntats sobre cap altra cosa) no quedi bloquejada, inutilitzada o sabotejada per un Estat espanyol que no vol ni sentir a parlar-ne per\u00f2 que, per si de cas, ja ha comen\u00e7at la campanya pel no, amb un discurs de consum catal\u00e0 catastrofista destinat a fer-nos desdir de voler anar per lliure i un desplegament diplom\u00e0tic internacional per tallar-nos qualsevol senyal de suport.<br \/>\nCom estem podent llegir en aquest diari ahir i avui, els analistes internacionals, que ara fa un any opinaven una mica d&#8217;o\u00efda sobre el cas catal\u00e0, a hores d&#8217;ara ja tenen for\u00e7a clar, hi estiguin a favor o no, de qu\u00e8 va la cosa. \u00c9s l&#8217;hora de la pol\u00edtica, dels pol\u00edtics que han de concretar all\u00f2 que la ciutadania reclama amb insist\u00e8ncia, perseveran\u00e7a i determinaci\u00f3 des de ja fa mesos i mesos. L&#8217;experimentat periodista Mart\u00ed Anglada sostenia no fa gaires dies a les xarxes socials que els estats que han aconseguit la independ\u00e8ncia ho han fet en un per\u00edode relativament curt de temps, d&#8217;uns dos anys i mig des de l&#8217;eclosi\u00f3 de la reivindicaci\u00f3. Aqu\u00ed ja en portem un. Hi ha temps de sobres per fer-ho sense pressa, per\u00f2 sense pausa. <em>(<strong>Publicat el 23 de setembre a El Punt Avui)<\/strong><\/em><\/p>\n","protected":false},"excerpt":{"rendered":"<p>El debat sobre l&#8217;estat de la naci\u00f3 (els autonomistes estrictes llegiu debat de pol\u00edtica general) obre aquesta setmana un curs parlamentari que, si tot va b\u00e9, ser\u00e0 el m\u00e9s decisiu de la hist\u00f2ria de la Catalunya aut\u00f2noma. Decisiu no pas perqu\u00e8 els ciutadans h\u00e0gim de decidir res (ja vam fer via per la Diada, i [&hellip;]<\/p>\n","protected":false},"author":5,"featured_media":0,"comment_status":"closed","ping_status":"closed","sticky":false,"template":"","format":"standard","meta":{"footnotes":""},"categories":[5389,648],"tags":[5411,5405],"class_list":["post-3135","post","type-post","status-publish","format-standard","hentry","category-a-la-tres","category-pais-patit","tag-a-la-tres","tag-pais-patit"],"jetpack_featured_media_url":"","_links":{"self":[{"href":"https:\/\/blogs.elpunt.cat\/carlesribera\/wp-json\/wp\/v2\/posts\/3135","targetHints":{"allow":["GET"]}}],"collection":[{"href":"https:\/\/blogs.elpunt.cat\/carlesribera\/wp-json\/wp\/v2\/posts"}],"about":[{"href":"https:\/\/blogs.elpunt.cat\/carlesribera\/wp-json\/wp\/v2\/types\/post"}],"author":[{"embeddable":true,"href":"https:\/\/blogs.elpunt.cat\/carlesribera\/wp-json\/wp\/v2\/users\/5"}],"replies":[{"embeddable":true,"href":"https:\/\/blogs.elpunt.cat\/carlesribera\/wp-json\/wp\/v2\/comments?post=3135"}],"version-history":[{"count":0,"href":"https:\/\/blogs.elpunt.cat\/carlesribera\/wp-json\/wp\/v2\/posts\/3135\/revisions"}],"wp:attachment":[{"href":"https:\/\/blogs.elpunt.cat\/carlesribera\/wp-json\/wp\/v2\/media?parent=3135"}],"wp:term":[{"taxonomy":"category","embeddable":true,"href":"https:\/\/blogs.elpunt.cat\/carlesribera\/wp-json\/wp\/v2\/categories?post=3135"},{"taxonomy":"post_tag","embeddable":true,"href":"https:\/\/blogs.elpunt.cat\/carlesribera\/wp-json\/wp\/v2\/tags?post=3135"}],"curies":[{"name":"wp","href":"https:\/\/api.w.org\/{rel}","templated":true}]}}