{"id":3136,"date":"2013-09-30T10:43:36","date_gmt":"2013-09-30T09:43:36","guid":{"rendered":"http:\/\/blogs.elpunt.cat\/carlesribera\/?p=3136"},"modified":"2013-10-29T12:17:00","modified_gmt":"2013-10-29T11:17:00","slug":"sindrome-al-parlament","status":"publish","type":"post","link":"https:\/\/blogs.elpunt.cat\/carlesribera\/2013\/09\/30\/sindrome-al-parlament\/","title":{"rendered":"S\u00edndrome al Parlament"},"content":{"rendered":"<p>La s\u00edndrome de FOMO, sigles que deriven de l&#8217;angl\u00e8s Fear of Missing Out (por de perdre&#8217;s alguna cosa, novetat, etc.) \u00e9s una patologia que afecta cada cop m\u00e9s els ciutadans habituals de les xarxes socials. Aquells que, quan parleu amb ells, es mostren neguitosos i us van deixant amb la paraula a la boca per atendre l&#8217;actualitat del seu dispositiu m\u00f2bil, consultant Twitter, Facebook, Instagram o altres comunitats virtuals. Com a usuari, no nego que estic exposat a aquesta addicci\u00f3, tot i que observo que un dels sectors m\u00e9s afectats per aquesta patologia, a banda dels mateixos periodistes, s\u00f3n els pol\u00edtics. Durant el debat de l&#8217;estat de la naci\u00f3 al Parlament (autonomistes estrictes, llegiu debat de pol\u00edtica general) vam comprovar, un cop m\u00e9s, com ses senyories comenten la jugada a les xarxes socials en temps real. No \u00e9s cap novetat veure com, mentre un orador est\u00e0 perorant a la tribuna, diputats i diputades manifesten les seves opinions no pas a l&#8217;hemicicle, sin\u00f3 teclejant pels canals esmentats. No criticar\u00e9 pas la utilitzaci\u00f3 de noves vies per a la difusi\u00f3 de la pol\u00edtica. Per\u00f2 em pregunto si tot all\u00f2 que es piula a les xarxes socials durant una sessi\u00f3 parlament\u00e0ria no hauria d&#8217;incorporar-se a les transcripcions del diari de sessions. Sona estrany, per\u00f2 mentre no es faci aix\u00ed una gran part del debat parlamentari, sovint tan interessant o m\u00e9s que el que es diu a l&#8217;estrada, quedar\u00e0 fora dels annals. Una altra cosa seria prohibir l&#8217;entrada d&#8217;aparells amb connexi\u00f3 a internet al ple o deixar-los sense cobertura, per\u00f2 semblaria m\u00e9s un parvulari que un Parlament. I seria molt m\u00e9s lleig que prohibir, per exemple, una consulta. <em><strong>(Publicat a El Punt Avui el 30 de setembre de 2013)<\/strong><\/em><\/p>\n","protected":false},"excerpt":{"rendered":"<p>La s\u00edndrome de FOMO, sigles que deriven de l&#8217;angl\u00e8s Fear of Missing Out (por de perdre&#8217;s alguna cosa, novetat, etc.) \u00e9s una patologia que afecta cada cop m\u00e9s els ciutadans habituals de les xarxes socials. Aquells que, quan parleu amb ells, es mostren neguitosos i us van deixant amb la paraula a la boca per [&hellip;]<\/p>\n","protected":false},"author":5,"featured_media":0,"comment_status":"closed","ping_status":"closed","sticky":false,"template":"","format":"standard","meta":{"footnotes":""},"categories":[5389,648],"tags":[5411,5405],"class_list":["post-3136","post","type-post","status-publish","format-standard","hentry","category-a-la-tres","category-pais-patit","tag-a-la-tres","tag-pais-patit"],"jetpack_featured_media_url":"","_links":{"self":[{"href":"https:\/\/blogs.elpunt.cat\/carlesribera\/wp-json\/wp\/v2\/posts\/3136","targetHints":{"allow":["GET"]}}],"collection":[{"href":"https:\/\/blogs.elpunt.cat\/carlesribera\/wp-json\/wp\/v2\/posts"}],"about":[{"href":"https:\/\/blogs.elpunt.cat\/carlesribera\/wp-json\/wp\/v2\/types\/post"}],"author":[{"embeddable":true,"href":"https:\/\/blogs.elpunt.cat\/carlesribera\/wp-json\/wp\/v2\/users\/5"}],"replies":[{"embeddable":true,"href":"https:\/\/blogs.elpunt.cat\/carlesribera\/wp-json\/wp\/v2\/comments?post=3136"}],"version-history":[{"count":1,"href":"https:\/\/blogs.elpunt.cat\/carlesribera\/wp-json\/wp\/v2\/posts\/3136\/revisions"}],"predecessor-version":[{"id":3160,"href":"https:\/\/blogs.elpunt.cat\/carlesribera\/wp-json\/wp\/v2\/posts\/3136\/revisions\/3160"}],"wp:attachment":[{"href":"https:\/\/blogs.elpunt.cat\/carlesribera\/wp-json\/wp\/v2\/media?parent=3136"}],"wp:term":[{"taxonomy":"category","embeddable":true,"href":"https:\/\/blogs.elpunt.cat\/carlesribera\/wp-json\/wp\/v2\/categories?post=3136"},{"taxonomy":"post_tag","embeddable":true,"href":"https:\/\/blogs.elpunt.cat\/carlesribera\/wp-json\/wp\/v2\/tags?post=3136"}],"curies":[{"name":"wp","href":"https:\/\/api.w.org\/{rel}","templated":true}]}}