{"id":3137,"date":"2013-09-30T10:55:44","date_gmt":"2013-09-30T09:55:44","guid":{"rendered":"http:\/\/blogs.elpunt.cat\/carlesribera\/?p=3137"},"modified":"2013-10-29T12:16:30","modified_gmt":"2013-10-29T11:16:30","slug":"la-realitat-paral-lela-espanyola","status":"publish","type":"post","link":"https:\/\/blogs.elpunt.cat\/carlesribera\/2013\/09\/30\/la-realitat-paral-lela-espanyola\/","title":{"rendered":"La realitat paral.lela espanyola"},"content":{"rendered":"<p>\u201cEncara que no esperem que les condicions d&#8217;independ\u00e8ncia s&#8217;acordin abans de la votaci\u00f3, la claredat sobre com es decidiran els termes d&#8217;aquesta independ\u00e8ncia ajudaria els votants a entendre abans del refer\u00e8ndum com es resoldrien les reclamacions fetes pels partidaris d&#8217;una i altra opci\u00f3. Creiem que aix\u00f2 \u00e9s important per als votants.\u201d Aix\u00f2 no \u00e9s cap text de ci\u00e8ncia-ficci\u00f3, tot i que per al lector catal\u00e0 pugui semblar-ho, sin\u00f3 una petici\u00f3 de la Comissi\u00f3 Electoral brit\u00e0nica, encarregada de vetllar pel correcte funcionament del proc\u00e9s de refer\u00e8ndum a Esc\u00f2cia. O sigui, que en certa manera s\u00ed que es podria considerar un text de ci\u00e8ncia-ficci\u00f3 perqu\u00e8, en aquesta q\u00fcesti\u00f3, els catalans vivim en una altra gal\u00e0xia, que es diu Estat espanyol.<br \/>\nAix\u00ed, mentre a la Gran Bretanya continua el civilitzat proc\u00e9s del dret a decidir i al Parlament d&#8217;aqu\u00ed el president Mas es comprometia ahir a tenir data, pregunta i proposta legal per realitzar la consulta, Mariano Rajoy reiterava a Nova York, abans d&#8217;entrar a l&#8217;aplec de l&#8217;ONU, que el cas catal\u00e0 no \u00e9s not\u00edcia perqu\u00e8 \u00e9s un assumpte intern. Amb l&#8217;estrat\u00e8gia d&#8217;ignorar la realitat esperant que canvi\u00ef pot semblar que Rajoy vulgui guanyar temps, quan en realitat el perd. Primer, perqu\u00e8 sembla improbable que des de Catalunya, per m\u00e9s que hi hagi algun voluntari fris\u00f3s per agafar-se al clau roent de l&#8217;autonomisme maquillat, es pugui acceptar altra cosa que no sigui una consulta. I segon, a Espanya han tibat tant la corda de la intransig\u00e8ncia que, en el fons, ning\u00fa est\u00e0 en condicions de cedir en res. Quan m\u00e9s aviat se n&#8217;adonin, m\u00e9s maldecaps ens estalviarem tots. (Publicat a El Punt Avui el 27 de setembre de 2013)<\/p>\n","protected":false},"excerpt":{"rendered":"<p>\u201cEncara que no esperem que les condicions d&#8217;independ\u00e8ncia s&#8217;acordin abans de la votaci\u00f3, la claredat sobre com es decidiran els termes d&#8217;aquesta independ\u00e8ncia ajudaria els votants a entendre abans del refer\u00e8ndum com es resoldrien les reclamacions fetes pels partidaris d&#8217;una i altra opci\u00f3. Creiem que aix\u00f2 \u00e9s important per als votants.\u201d Aix\u00f2 no \u00e9s cap [&hellip;]<\/p>\n","protected":false},"author":5,"featured_media":0,"comment_status":"closed","ping_status":"closed","sticky":false,"template":"","format":"standard","meta":{"footnotes":""},"categories":[5389,648],"tags":[5411,5405],"class_list":["post-3137","post","type-post","status-publish","format-standard","hentry","category-a-la-tres","category-pais-patit","tag-a-la-tres","tag-pais-patit"],"jetpack_featured_media_url":"","_links":{"self":[{"href":"https:\/\/blogs.elpunt.cat\/carlesribera\/wp-json\/wp\/v2\/posts\/3137","targetHints":{"allow":["GET"]}}],"collection":[{"href":"https:\/\/blogs.elpunt.cat\/carlesribera\/wp-json\/wp\/v2\/posts"}],"about":[{"href":"https:\/\/blogs.elpunt.cat\/carlesribera\/wp-json\/wp\/v2\/types\/post"}],"author":[{"embeddable":true,"href":"https:\/\/blogs.elpunt.cat\/carlesribera\/wp-json\/wp\/v2\/users\/5"}],"replies":[{"embeddable":true,"href":"https:\/\/blogs.elpunt.cat\/carlesribera\/wp-json\/wp\/v2\/comments?post=3137"}],"version-history":[{"count":1,"href":"https:\/\/blogs.elpunt.cat\/carlesribera\/wp-json\/wp\/v2\/posts\/3137\/revisions"}],"predecessor-version":[{"id":3159,"href":"https:\/\/blogs.elpunt.cat\/carlesribera\/wp-json\/wp\/v2\/posts\/3137\/revisions\/3159"}],"wp:attachment":[{"href":"https:\/\/blogs.elpunt.cat\/carlesribera\/wp-json\/wp\/v2\/media?parent=3137"}],"wp:term":[{"taxonomy":"category","embeddable":true,"href":"https:\/\/blogs.elpunt.cat\/carlesribera\/wp-json\/wp\/v2\/categories?post=3137"},{"taxonomy":"post_tag","embeddable":true,"href":"https:\/\/blogs.elpunt.cat\/carlesribera\/wp-json\/wp\/v2\/tags?post=3137"}],"curies":[{"name":"wp","href":"https:\/\/api.w.org\/{rel}","templated":true}]}}