{"id":3138,"date":"2013-10-17T09:05:39","date_gmt":"2013-10-17T08:05:39","guid":{"rendered":"http:\/\/blogs.elpunt.cat\/carlesribera\/?p=3138"},"modified":"2013-10-17T09:05:39","modified_gmt":"2013-10-17T08:05:39","slug":"duran-ho-veu-clar","status":"publish","type":"post","link":"https:\/\/blogs.elpunt.cat\/carlesribera\/2013\/10\/17\/duran-ho-veu-clar\/","title":{"rendered":"Duran ho veu clar"},"content":{"rendered":"<p>Despr\u00e9s de la sessi\u00f3 de control d&#8217;ahir al Congr\u00e9s, l&#8217;independentisme catal\u00e0 ja no pot dir que no hi ha ning\u00fa a la banda espanyola que no admeti que el proc\u00e9s que ha iniciat Catalunya no \u00e9s cap estirabot, ni una operaci\u00f3 de peix al cove ni un sobreescalfament nacionalista que amb el temps ja es refredar\u00e0. La ll\u00e0stima \u00e9s que l&#8217;espanyol m\u00e9s clarivident de la pol\u00edtica madrilenya sigui Josep Antoni <a href=\"http:\/\/www.elpuntavui.cat\/noticia\/article\/3-politica\/17-politica\/686046-duran-a-rajoy-si-no-actua-te-declaracio-dindependencia.html\">Duran i Lleida<\/a>.<br \/>\nAquest fet no hauria de ser necess\u00e0riament negatiu, ans al contrari, sin\u00f3 un avantatge, pel fet que un espanyol de nacionalitat catalana seria ideal per fer una bona tasca mitjancera des del coneixement de les dues realitats. No hauria de ser negatiu, per\u00f2 ho \u00e9s perqu\u00e8 aquest tipus de ciutad\u00e0 d&#8217;adscripci\u00f3 nacional no espanyola no cap en la mentalitat hisp\u00e0nica actual. Ni actual, ni pret\u00e8rita: ara estem veient, amb el fel acumulat que ens perboquen dia s\u00ed i dia tamb\u00e9, que han passat anys dissimulant el menyspreu que senten per nosaltres.<br \/>\nLa disputa dial\u00e8ctica d&#8217;ahir entre Duran i Rajoy pot semblar anecd\u00f2tica, per\u00f2 marca un moment hist\u00f2ric que haur\u00e0 de figurar en la hist\u00f2ria de Catalunya, i d&#8217;Espanya, com el punt d&#8217;inflexi\u00f3 cap a la via de no-retorn. Ahir a Madrid es va escenificar la frustraci\u00f3 del pactisme pol\u00edtic catal\u00e0. El l\u00edder d&#8217;Uni\u00f3 va avisar amb una sinceritat alarmada i alarmista de la inevitabilitat d&#8217;una declaraci\u00f3 unilateral d&#8217;independ\u00e8ncia i, \u00e9s cert, es va situar a la banda (no pas en el b\u00e0ndol) dels que no consideren que sigui l&#8217;opci\u00f3 m\u00e9s desitjable. Per\u00f2 no li restem la seva part de m\u00e8rit, al senyor Duran. Pocs que hi estiguin tan a prop han parlat tan clar a Rajoy. <em><strong>(Publicat a El Punt Avui el 17 d&#8217;octubre de 2013)<\/strong><\/em><\/p>\n","protected":false},"excerpt":{"rendered":"<p>Despr\u00e9s de la sessi\u00f3 de control d&#8217;ahir al Congr\u00e9s, l&#8217;independentisme catal\u00e0 ja no pot dir que no hi ha ning\u00fa a la banda espanyola que no admeti que el proc\u00e9s que ha iniciat Catalunya no \u00e9s cap estirabot, ni una operaci\u00f3 de peix al cove ni un sobreescalfament nacionalista que amb el temps ja es [&hellip;]<\/p>\n","protected":false},"author":5,"featured_media":0,"comment_status":"closed","ping_status":"closed","sticky":false,"template":"","format":"standard","meta":{"footnotes":""},"categories":[5389,648],"tags":[5411,5405],"class_list":["post-3138","post","type-post","status-publish","format-standard","hentry","category-a-la-tres","category-pais-patit","tag-a-la-tres","tag-pais-patit"],"jetpack_featured_media_url":"","_links":{"self":[{"href":"https:\/\/blogs.elpunt.cat\/carlesribera\/wp-json\/wp\/v2\/posts\/3138","targetHints":{"allow":["GET"]}}],"collection":[{"href":"https:\/\/blogs.elpunt.cat\/carlesribera\/wp-json\/wp\/v2\/posts"}],"about":[{"href":"https:\/\/blogs.elpunt.cat\/carlesribera\/wp-json\/wp\/v2\/types\/post"}],"author":[{"embeddable":true,"href":"https:\/\/blogs.elpunt.cat\/carlesribera\/wp-json\/wp\/v2\/users\/5"}],"replies":[{"embeddable":true,"href":"https:\/\/blogs.elpunt.cat\/carlesribera\/wp-json\/wp\/v2\/comments?post=3138"}],"version-history":[{"count":0,"href":"https:\/\/blogs.elpunt.cat\/carlesribera\/wp-json\/wp\/v2\/posts\/3138\/revisions"}],"wp:attachment":[{"href":"https:\/\/blogs.elpunt.cat\/carlesribera\/wp-json\/wp\/v2\/media?parent=3138"}],"wp:term":[{"taxonomy":"category","embeddable":true,"href":"https:\/\/blogs.elpunt.cat\/carlesribera\/wp-json\/wp\/v2\/categories?post=3138"},{"taxonomy":"post_tag","embeddable":true,"href":"https:\/\/blogs.elpunt.cat\/carlesribera\/wp-json\/wp\/v2\/tags?post=3138"}],"curies":[{"name":"wp","href":"https:\/\/api.w.org\/{rel}","templated":true}]}}