{"id":3141,"date":"2013-10-24T14:53:47","date_gmt":"2013-10-24T13:53:47","guid":{"rendered":"http:\/\/blogs.elpunt.cat\/carlesribera\/?p=3141"},"modified":"2013-10-24T14:53:47","modified_gmt":"2013-10-24T13:53:47","slug":"narcis-serra-te-rao","status":"publish","type":"post","link":"https:\/\/blogs.elpunt.cat\/carlesribera\/2013\/10\/24\/narcis-serra-te-rao\/","title":{"rendered":"Narc\u00eds Serra t\u00e9 ra\u00f3"},"content":{"rendered":"<p>T\u00e9 tota la ra\u00f3 el senyor Narc\u00eds Serra quan, amb aquell posat perplex i atribolat de qui no ent\u00e9n qu\u00e8 fa una persona com ell en un lloc tan vulgar com un jutjat, assegura que els emoluments seus i dels altres manaires a Catalunya Caixa no nom\u00e9s complien la legalitat vigent, sin\u00f3 que s&#8217;ajustaven a la franja mitjana salarial del mercat del ram, per evitar, agafeu-vos fort, que els bons directius no fugissin a la compet\u00e8ncia atrets per pastanagues encara m\u00e9s formoses.<br \/>\nAquest \u00e9s el problema.<br \/>\nEl problema \u00e9s que el senyor Narc\u00eds Serra, i el senyor Tod\u00f3, t\u00e8cnicament, tenen ra\u00f3. Tenen la ra\u00f3 c\u00ednica derivada d&#8217;un sistema financer que no nom\u00e9s ha dinamitat el model de caixes catal\u00e0, sin\u00f3 que ha volatilitzat la confian\u00e7a dels impositors i clients en unes entitats que, en teoria, tenien com a objectiu fundacional obtenir uns beneficis adequats per poder complir l&#8217;obra social estatut\u00e0riament encomanada. Ja sabem com va anar tot plegat, o sigui no cal que entrem en detalls.<br \/>\n\u00c9s, per tant, la ra\u00f3 que t\u00e9 Narc\u00eds Serra la que ha esclatat a la cara d&#8217;una ciutadania que, per cert, quan les vaques campaven amb sobrep\u00e8s tampoc feia gaires escarafalls ni retrets, immersa en la cultura del parar la m\u00e0 a veure qu\u00e8 cau i ximple l&#8217;\u00faltim. I el ximple no nom\u00e9s no ha estat Narc\u00eds Serra, sin\u00f3 que ara t\u00e9 ra\u00f3. Una ra\u00f3 basada en lleis que poc tenen a veure amb el seny, l&#8217;\u00e8tica, la prud\u00e8ncia, el sentit com\u00fa, el capitalisme sostenible o la just\u00edcia social. Tots els pobles tenen els delinq\u00fcents que es mereixen, per\u00f2 no pas sempre els delinq\u00fcents s\u00f3n els que ho mereixerien ser si la vara de mesurar fos la dec\u00e8ncia i no la impunitat moral. <em><strong>(Publicat a El Punt Avui el 24 d&#8217;octubre de 2013)<\/strong><\/em><\/p>\n","protected":false},"excerpt":{"rendered":"<p>T\u00e9 tota la ra\u00f3 el senyor Narc\u00eds Serra quan, amb aquell posat perplex i atribolat de qui no ent\u00e9n qu\u00e8 fa una persona com ell en un lloc tan vulgar com un jutjat, assegura que els emoluments seus i dels altres manaires a Catalunya Caixa no nom\u00e9s complien la legalitat vigent, sin\u00f3 que s&#8217;ajustaven a [&hellip;]<\/p>\n","protected":false},"author":5,"featured_media":0,"comment_status":"closed","ping_status":"closed","sticky":false,"template":"","format":"standard","meta":{"footnotes":""},"categories":[5389,648],"tags":[5411,5405],"class_list":["post-3141","post","type-post","status-publish","format-standard","hentry","category-a-la-tres","category-pais-patit","tag-a-la-tres","tag-pais-patit"],"jetpack_featured_media_url":"","_links":{"self":[{"href":"https:\/\/blogs.elpunt.cat\/carlesribera\/wp-json\/wp\/v2\/posts\/3141","targetHints":{"allow":["GET"]}}],"collection":[{"href":"https:\/\/blogs.elpunt.cat\/carlesribera\/wp-json\/wp\/v2\/posts"}],"about":[{"href":"https:\/\/blogs.elpunt.cat\/carlesribera\/wp-json\/wp\/v2\/types\/post"}],"author":[{"embeddable":true,"href":"https:\/\/blogs.elpunt.cat\/carlesribera\/wp-json\/wp\/v2\/users\/5"}],"replies":[{"embeddable":true,"href":"https:\/\/blogs.elpunt.cat\/carlesribera\/wp-json\/wp\/v2\/comments?post=3141"}],"version-history":[{"count":0,"href":"https:\/\/blogs.elpunt.cat\/carlesribera\/wp-json\/wp\/v2\/posts\/3141\/revisions"}],"wp:attachment":[{"href":"https:\/\/blogs.elpunt.cat\/carlesribera\/wp-json\/wp\/v2\/media?parent=3141"}],"wp:term":[{"taxonomy":"category","embeddable":true,"href":"https:\/\/blogs.elpunt.cat\/carlesribera\/wp-json\/wp\/v2\/categories?post=3141"},{"taxonomy":"post_tag","embeddable":true,"href":"https:\/\/blogs.elpunt.cat\/carlesribera\/wp-json\/wp\/v2\/tags?post=3141"}],"curies":[{"name":"wp","href":"https:\/\/api.w.org\/{rel}","templated":true}]}}