{"id":3170,"date":"2013-10-31T10:43:37","date_gmt":"2013-10-31T09:43:37","guid":{"rendered":"http:\/\/blogs.elpunt.cat\/carlesribera\/?p=3170"},"modified":"2013-10-31T10:43:37","modified_gmt":"2013-10-31T09:43:37","slug":"gossos-al-metro","status":"publish","type":"post","link":"https:\/\/blogs.elpunt.cat\/carlesribera\/2013\/10\/31\/gossos-al-metro\/","title":{"rendered":"Gossos al metro"},"content":{"rendered":"<p>Hi ha dos temes sobre els quals un opinador prudent no hauria d&#8217;escriure mai: mascotes i religi\u00f3. No busqueu cap analogia entre un i altre excepte en el fet que s\u00f3n \u00e0mbits d&#8217;epidermis fin\u00edssimes i voravius d&#8217;una extrema sensibilitat. Per tant, l&#8217;anunci sobre <a href=\"http:\/\/www.elpuntavui.cat\/noticia\/article\/2-societat\/5-societat\/688937-el-metro-de-barcelona-permetra-lacces-dels-gossos-a-partir-de-lestiu-vinent.html\">l&#8217;acc\u00e9s de gossos al metro<\/a> de Barcelona garanteix pol\u00e8mica per dies.<br \/>\nAl marge de si els quissos ens fan m\u00e9s o menys gr\u00e0cia, \u00e9s evident que les instal\u00b7lacions del transport subterrani tenen unes caracter\u00edstiques que les fan especialment dif\u00edcils de gestionar en aspectes com ara la ventilaci\u00f3, la mobilitat i la neteja. Voltant una mica pel m\u00f3n, podem constatar que hi ha xarxes de suburb\u00e0 molt m\u00e9s descurades que les de la capital de Catalunya. Aix\u00f2 no obstant, les incomoditats higi\u00e8niques, les estretors f\u00edsiques i les limitacions ambientals s\u00f3n prou evidents per imaginar que si a tot plegat hi afegim els ciutadans canins el problema nom\u00e9s pot tenir tend\u00e8ncia a cr\u00e9ixer. Per posar un exemple, n&#8217;hi ha prou que sota terra es mantingui la proporci\u00f3 d&#8217;orins i defecacions que trobem en superf\u00edcie perqu\u00e8 l&#8217;efecte sigui devastador sobre narius d&#8217;usuaris i pressupostos de neteja. Una altra q\u00fcesti\u00f3 no menys important \u00e9s la de la igualtat. No pas de g\u00e8nere sin\u00f3 d&#8217;esp\u00e8cie. Qui d\u00f3na drets d&#8217;entrada a gossos entenc que vol dir a mascotes en general. Ja m&#8217;imagino andanes i escales mec\u00e0niques curulles de barcelonins traient a passejar gats, iguanes, canaris, porcs vietnamites, peixos de colors, cucs de seda i un llarg etc\u00e8tera de bestioles de companyia. Una arca de No\u00e8 amb rodes digna d&#8217;admirar, en la qual, com sempre, els m\u00e9s animals seran alguns dels amos. <em><strong>(Article publicat a El Punt Avui el 31 d&#8217;octubre de 2013)<\/strong><\/em><\/p>\n","protected":false},"excerpt":{"rendered":"<p>Hi ha dos temes sobre els quals un opinador prudent no hauria d&#8217;escriure mai: mascotes i religi\u00f3. No busqueu cap analogia entre un i altre excepte en el fet que s\u00f3n \u00e0mbits d&#8217;epidermis fin\u00edssimes i voravius d&#8217;una extrema sensibilitat. Per tant, l&#8217;anunci sobre l&#8217;acc\u00e9s de gossos al metro de Barcelona garanteix pol\u00e8mica per dies. Al [&hellip;]<\/p>\n","protected":false},"author":5,"featured_media":0,"comment_status":"closed","ping_status":"closed","sticky":false,"template":"","format":"standard","meta":{"footnotes":""},"categories":[5389,648],"tags":[5411,5405],"class_list":["post-3170","post","type-post","status-publish","format-standard","hentry","category-a-la-tres","category-pais-patit","tag-a-la-tres","tag-pais-patit"],"jetpack_featured_media_url":"","_links":{"self":[{"href":"https:\/\/blogs.elpunt.cat\/carlesribera\/wp-json\/wp\/v2\/posts\/3170","targetHints":{"allow":["GET"]}}],"collection":[{"href":"https:\/\/blogs.elpunt.cat\/carlesribera\/wp-json\/wp\/v2\/posts"}],"about":[{"href":"https:\/\/blogs.elpunt.cat\/carlesribera\/wp-json\/wp\/v2\/types\/post"}],"author":[{"embeddable":true,"href":"https:\/\/blogs.elpunt.cat\/carlesribera\/wp-json\/wp\/v2\/users\/5"}],"replies":[{"embeddable":true,"href":"https:\/\/blogs.elpunt.cat\/carlesribera\/wp-json\/wp\/v2\/comments?post=3170"}],"version-history":[{"count":0,"href":"https:\/\/blogs.elpunt.cat\/carlesribera\/wp-json\/wp\/v2\/posts\/3170\/revisions"}],"wp:attachment":[{"href":"https:\/\/blogs.elpunt.cat\/carlesribera\/wp-json\/wp\/v2\/media?parent=3170"}],"wp:term":[{"taxonomy":"category","embeddable":true,"href":"https:\/\/blogs.elpunt.cat\/carlesribera\/wp-json\/wp\/v2\/categories?post=3170"},{"taxonomy":"post_tag","embeddable":true,"href":"https:\/\/blogs.elpunt.cat\/carlesribera\/wp-json\/wp\/v2\/tags?post=3170"}],"curies":[{"name":"wp","href":"https:\/\/api.w.org\/{rel}","templated":true}]}}