{"id":3171,"date":"2013-11-04T10:59:54","date_gmt":"2013-11-04T09:59:54","guid":{"rendered":"http:\/\/blogs.elpunt.cat\/carlesribera\/?p=3171"},"modified":"2013-11-04T10:59:54","modified_gmt":"2013-11-04T09:59:54","slug":"la-pregunta-de-la-consulta","status":"publish","type":"post","link":"https:\/\/blogs.elpunt.cat\/carlesribera\/2013\/11\/04\/la-pregunta-de-la-consulta\/","title":{"rendered":"La pregunta de la consulta"},"content":{"rendered":"<p>\u00bfVost\u00e8 considera (en atenci\u00f3 a la llibertat de consideraci\u00f3, si ho prefereix, pot considerar-se tractat de tu, de camarada, col\u00b7lega, amic\/amiga, compatriota o federalista, esculli l&#8217;opci\u00f3 que m\u00e9s li plagui); considera, doncs, en tant que ciutad\u00e0 o ciutadana d&#8217;aquest pa\u00eds, en el benent\u00e8s que estigui d&#8217;acord que el pa\u00eds del qual vost\u00e8 \u00e9s ciutad\u00e0 o ciutadana, sobre el qual es formula la pregunta, clara i directa, \u00e9s sense cap mena de dubte Catalunya, una regi\u00f3 del nord-est de la pen\u00ednsula Ib\u00e8rica actualment integrant del Regne d&#8217;Espanya com a nacionalitat hist\u00f2rica que va accedir a l&#8217;autonomia d&#8217;acord amb l&#8217;article 151 de la Constituci\u00f3, carta magna incorruptible per molts anys a major gl\u00f2ria de la transici\u00f3 i la uni\u00f3 indivisible de la comuna unicitat sobirana \u00fanica i unit\u00e0ria; tenint en compte, a m\u00e9s, que despr\u00e9s de m\u00faltiples interpretacions s&#8217;ha arribat a la conclusi\u00f3 que cal una via per preguntar als catalans, sense perjudici que la sobirania resti en mans de la totalitat dels espanyols i no pas \u00fanicament de la part consultant de la primera part, que ser\u00e0 considerada la part consultant de la primera part, i, finalment, sense oblidar que de tot aix\u00f2 no se&#8217;n derivar\u00e0 cap decisi\u00f3 vinculant sin\u00f3 merament orientativa de les pol\u00edtiques que caldr\u00e0 seguir en atenci\u00f3 a la legalitat vigent, vost\u00e8 considera, doncs, que els catalans i les catalanes han de poder decidir si poden formular una pregunta que els permeti decidir en un futur quina ha de ser la q\u00fcesti\u00f3 a debatre en relaci\u00f3 amb la voluntat majorit\u00e0ria expressada en refer\u00e8ndum?<br \/>\n1. S\u00ed.<br \/>\n2. No.<br \/>\n3. Podria repetir la pregunta?<br \/>\n<strong><em>(Publicat a El Punt Avui el 4 de novembre de 2013)&lt;\/strong<\/em>&gt;<\/p>\n","protected":false},"excerpt":{"rendered":"<p>\u00bfVost\u00e8 considera (en atenci\u00f3 a la llibertat de consideraci\u00f3, si ho prefereix, pot considerar-se tractat de tu, de camarada, col\u00b7lega, amic\/amiga, compatriota o federalista, esculli l&#8217;opci\u00f3 que m\u00e9s li plagui); considera, doncs, en tant que ciutad\u00e0 o ciutadana d&#8217;aquest pa\u00eds, en el benent\u00e8s que estigui d&#8217;acord que el pa\u00eds del qual vost\u00e8 \u00e9s ciutad\u00e0 o [&hellip;]<\/p>\n","protected":false},"author":5,"featured_media":0,"comment_status":"closed","ping_status":"closed","sticky":false,"template":"","format":"standard","meta":{"footnotes":""},"categories":[5389,648],"tags":[5411,5405],"class_list":["post-3171","post","type-post","status-publish","format-standard","hentry","category-a-la-tres","category-pais-patit","tag-a-la-tres","tag-pais-patit"],"jetpack_featured_media_url":"","_links":{"self":[{"href":"https:\/\/blogs.elpunt.cat\/carlesribera\/wp-json\/wp\/v2\/posts\/3171","targetHints":{"allow":["GET"]}}],"collection":[{"href":"https:\/\/blogs.elpunt.cat\/carlesribera\/wp-json\/wp\/v2\/posts"}],"about":[{"href":"https:\/\/blogs.elpunt.cat\/carlesribera\/wp-json\/wp\/v2\/types\/post"}],"author":[{"embeddable":true,"href":"https:\/\/blogs.elpunt.cat\/carlesribera\/wp-json\/wp\/v2\/users\/5"}],"replies":[{"embeddable":true,"href":"https:\/\/blogs.elpunt.cat\/carlesribera\/wp-json\/wp\/v2\/comments?post=3171"}],"version-history":[{"count":0,"href":"https:\/\/blogs.elpunt.cat\/carlesribera\/wp-json\/wp\/v2\/posts\/3171\/revisions"}],"wp:attachment":[{"href":"https:\/\/blogs.elpunt.cat\/carlesribera\/wp-json\/wp\/v2\/media?parent=3171"}],"wp:term":[{"taxonomy":"category","embeddable":true,"href":"https:\/\/blogs.elpunt.cat\/carlesribera\/wp-json\/wp\/v2\/categories?post=3171"},{"taxonomy":"post_tag","embeddable":true,"href":"https:\/\/blogs.elpunt.cat\/carlesribera\/wp-json\/wp\/v2\/tags?post=3171"}],"curies":[{"name":"wp","href":"https:\/\/api.w.org\/{rel}","templated":true}]}}