{"id":3173,"date":"2013-11-08T10:22:13","date_gmt":"2013-11-08T09:22:13","guid":{"rendered":"http:\/\/blogs.elpunt.cat\/carlesribera\/?p=3173"},"modified":"2013-11-08T10:22:13","modified_gmt":"2013-11-08T09:22:13","slug":"marcar-perfil","status":"publish","type":"post","link":"https:\/\/blogs.elpunt.cat\/carlesribera\/2013\/11\/08\/marcar-perfil\/","title":{"rendered":"Marcar perfil"},"content":{"rendered":"<p>Quan una pregunta com ara \u201cquina opini\u00f3 t\u00e9 el govern sobre&#8230;\u201d no obt\u00e9 com a resposta un missatge \u00fanic \u00e9s que alguna cosa no acaba de rutllar. En tot grup hum\u00e0 hi ha opinions diverses. L&#8217;executiu d&#8217;un pa\u00eds no \u00e9s, per\u00f2, cap f\u00f2rum de debat entre iguals, sin\u00f3 un espai de presa de decisions amb distribuci\u00f3 competencial determinada i jerarquia encap\u00e7alada pel president. \u00c9s normal que el responsable de les infraestructures opini sobre carreteres, el de cultura sobre teatre, el de governaci\u00f3 sobre funcionaris, per posar tres exemples agafats a l&#8217;atzar. En les l\u00ednies pol\u00edtiques mestres, en canvi, la dispersi\u00f3 de declaracions confon una mica l&#8217;opini\u00f3 p\u00fablica. Un equip dirigent sol funcionar mentre hi ha una certa moral de vict\u00f2ria compartida i, sobretot, mentre els membres del gabinet s\u00f3n capa\u00e7os de contenir la temptaci\u00f3 de marcar perfil propi. Ai, el concepte perfil propi. Ja se sap que els periodistes som molt emprenyadors i que un micr\u00f2fon fa salivar. I que en els aparells pol\u00edtics en caiguda lliure, siguin governs o b\u00e9 partits, la polifonia \u00e9s inexorable perqu\u00e8 tothom s&#8217;aferra al clau roent de la seva pr\u00f2pia notorietat per sobreviure a l&#8217;ensulsiada. En aquest sentit, per exemple, l&#8217;olla de grills en qu\u00e8 s&#8217;ha convertit el PSC t\u00e9 una explicaci\u00f3. En canvi, el govern actual \u00e9s el que ens ha de conduir a l&#8217;estat propi. Se suposa, doncs, que cal un discurs clar i uniforme. El president Mas ja ha tocat el crost\u00f3 als consellers sobre el tema de la consulta. A veure si se&#8217;n surt. Si fins i tot a Esquerra, hist\u00f2ricament el partit amb m\u00e9s bocamolls per metre quadrat de la pol\u00edtica catalana, han aconseguit disciplinar-se, \u00e9s que no deu ser tan dif\u00edcil. <em><strong>(Article publicat a El Punt Avui el 8 de novembre de 2013)<\/strong><\/em><\/p>\n","protected":false},"excerpt":{"rendered":"<p>Quan una pregunta com ara \u201cquina opini\u00f3 t\u00e9 el govern sobre&#8230;\u201d no obt\u00e9 com a resposta un missatge \u00fanic \u00e9s que alguna cosa no acaba de rutllar. En tot grup hum\u00e0 hi ha opinions diverses. L&#8217;executiu d&#8217;un pa\u00eds no \u00e9s, per\u00f2, cap f\u00f2rum de debat entre iguals, sin\u00f3 un espai de presa de decisions amb [&hellip;]<\/p>\n","protected":false},"author":5,"featured_media":0,"comment_status":"closed","ping_status":"closed","sticky":false,"template":"","format":"standard","meta":{"footnotes":""},"categories":[5389,648],"tags":[5411,5405],"class_list":["post-3173","post","type-post","status-publish","format-standard","hentry","category-a-la-tres","category-pais-patit","tag-a-la-tres","tag-pais-patit"],"jetpack_featured_media_url":"","_links":{"self":[{"href":"https:\/\/blogs.elpunt.cat\/carlesribera\/wp-json\/wp\/v2\/posts\/3173","targetHints":{"allow":["GET"]}}],"collection":[{"href":"https:\/\/blogs.elpunt.cat\/carlesribera\/wp-json\/wp\/v2\/posts"}],"about":[{"href":"https:\/\/blogs.elpunt.cat\/carlesribera\/wp-json\/wp\/v2\/types\/post"}],"author":[{"embeddable":true,"href":"https:\/\/blogs.elpunt.cat\/carlesribera\/wp-json\/wp\/v2\/users\/5"}],"replies":[{"embeddable":true,"href":"https:\/\/blogs.elpunt.cat\/carlesribera\/wp-json\/wp\/v2\/comments?post=3173"}],"version-history":[{"count":1,"href":"https:\/\/blogs.elpunt.cat\/carlesribera\/wp-json\/wp\/v2\/posts\/3173\/revisions"}],"predecessor-version":[{"id":3174,"href":"https:\/\/blogs.elpunt.cat\/carlesribera\/wp-json\/wp\/v2\/posts\/3173\/revisions\/3174"}],"wp:attachment":[{"href":"https:\/\/blogs.elpunt.cat\/carlesribera\/wp-json\/wp\/v2\/media?parent=3173"}],"wp:term":[{"taxonomy":"category","embeddable":true,"href":"https:\/\/blogs.elpunt.cat\/carlesribera\/wp-json\/wp\/v2\/categories?post=3173"},{"taxonomy":"post_tag","embeddable":true,"href":"https:\/\/blogs.elpunt.cat\/carlesribera\/wp-json\/wp\/v2\/tags?post=3173"}],"curies":[{"name":"wp","href":"https:\/\/api.w.org\/{rel}","templated":true}]}}