{"id":3181,"date":"2013-12-30T08:26:37","date_gmt":"2013-12-30T07:26:37","guid":{"rendered":"http:\/\/blogs.elpunt.cat\/carlesribera\/?p=3181"},"modified":"2013-12-29T20:30:11","modified_gmt":"2013-12-29T19:30:11","slug":"lany-dels-catalans","status":"publish","type":"post","link":"https:\/\/blogs.elpunt.cat\/carlesribera\/2013\/12\/30\/lany-dels-catalans\/","title":{"rendered":"L&#8217;any dels catalans"},"content":{"rendered":"<p>No \u00e9s pas cap norma escrita per\u00f2 s\u00ed consuetud que els diaris fem uns resums de tancament de l\u2019any repassant qu\u00e8 ha estat el m\u00e9s noticiable i quins personatges p\u00fablics, per b\u00e9 o per mal, han destacat especialment. En l\u2019edici\u00f3 d\u2019avui podeu llegir una quinzena de perfils d\u2019homes i dones que han sigut d\u2019actualitat. Alguns deuen estar satisfets i contents de la feina feta. Altres preferirien haver passat m\u00e9s desapercebuts perqu\u00e8 la causa de la seva notorietat els hauria de fer caure la cara de vergonya. Podeu determinar quin \u00e9s cada cas a mesura que aneu girant plana. Hi ha una altra galeria de personatges que \u00e9s m\u00e9s dif\u00edcil d\u2019arrenglerar, d\u2019identificar i de valorar. \u00c9s la llista dels noms que seran not\u00edcia l\u2019any vinent. Ens en v\u00e9nen uns quants al cap sense haver de rumiar-hi gaire. Alguns segurament seran repetits. Altres ja fa m\u00e9s d\u2019una temporada que despunten s i, si tot va com sembla que ha d\u2019anar, continuaran. No em feu dir noms perqu\u00e8 encara semblaria que tinc favoritisme cap a aquella o aquella altra persona. D\u2019aqu\u00ed a 365 dies els podreu llegir al resum que vindr\u00e0. Tanmateix, el 2014 que comen\u00e7a dem\u00e0 passat tindr\u00e0 un protagonista indiscutible. No t\u00e9 rostre \u00fanic, ni personalitat individual. \u00c9s el poble catal\u00e0, que es conjuga en plural i t\u00e9 moltes veus, tot i que \u00faltimament sembla que van for\u00e7a a l\u2019un\u00edson, almenys les que circulen pel carril de la centralitat, que \u00e9s la via catalana cap a la independ\u00e8ncia. Aquest any \u00e9s el nostre. Aquest i uns quants m\u00e9s. Per\u00f2 tot dependr\u00e0, en els pr\u00f2xims mesos, de la capacitat de resist\u00e8ncia col\u00b7lectiva que tinguem. Disposem lideratges s\u00f2lids, plurals i complidors. Per\u00f2 en els moments dif\u00edcils i alhora esperan\u00e7adors que s\u2019acosten la for\u00e7a determinant no ser\u00e0 de qui estira, sin\u00f3 de qui empeny. Comen\u00e7a el 2014, l\u2019any dels catalans. <em><strong>(Publicat a El Punt Avui el 30 de desembre de 20139<\/strong><\/em><\/p>\n","protected":false},"excerpt":{"rendered":"<p>No \u00e9s pas cap norma escrita per\u00f2 s\u00ed consuetud que els diaris fem uns resums de tancament de l\u2019any repassant qu\u00e8 ha estat el m\u00e9s noticiable i quins personatges p\u00fablics, per b\u00e9 o per mal, han destacat especialment. En l\u2019edici\u00f3 d\u2019avui podeu llegir una quinzena de perfils d\u2019homes i dones que han sigut d\u2019actualitat. Alguns [&hellip;]<\/p>\n","protected":false},"author":5,"featured_media":0,"comment_status":"closed","ping_status":"closed","sticky":false,"template":"","format":"standard","meta":{"footnotes":""},"categories":[5389,648],"tags":[5411,5405],"class_list":["post-3181","post","type-post","status-publish","format-standard","hentry","category-a-la-tres","category-pais-patit","tag-a-la-tres","tag-pais-patit"],"jetpack_featured_media_url":"","_links":{"self":[{"href":"https:\/\/blogs.elpunt.cat\/carlesribera\/wp-json\/wp\/v2\/posts\/3181","targetHints":{"allow":["GET"]}}],"collection":[{"href":"https:\/\/blogs.elpunt.cat\/carlesribera\/wp-json\/wp\/v2\/posts"}],"about":[{"href":"https:\/\/blogs.elpunt.cat\/carlesribera\/wp-json\/wp\/v2\/types\/post"}],"author":[{"embeddable":true,"href":"https:\/\/blogs.elpunt.cat\/carlesribera\/wp-json\/wp\/v2\/users\/5"}],"replies":[{"embeddable":true,"href":"https:\/\/blogs.elpunt.cat\/carlesribera\/wp-json\/wp\/v2\/comments?post=3181"}],"version-history":[{"count":1,"href":"https:\/\/blogs.elpunt.cat\/carlesribera\/wp-json\/wp\/v2\/posts\/3181\/revisions"}],"predecessor-version":[{"id":3182,"href":"https:\/\/blogs.elpunt.cat\/carlesribera\/wp-json\/wp\/v2\/posts\/3181\/revisions\/3182"}],"wp:attachment":[{"href":"https:\/\/blogs.elpunt.cat\/carlesribera\/wp-json\/wp\/v2\/media?parent=3181"}],"wp:term":[{"taxonomy":"category","embeddable":true,"href":"https:\/\/blogs.elpunt.cat\/carlesribera\/wp-json\/wp\/v2\/categories?post=3181"},{"taxonomy":"post_tag","embeddable":true,"href":"https:\/\/blogs.elpunt.cat\/carlesribera\/wp-json\/wp\/v2\/tags?post=3181"}],"curies":[{"name":"wp","href":"https:\/\/api.w.org\/{rel}","templated":true}]}}