{"id":3183,"date":"2013-12-31T06:30:51","date_gmt":"2013-12-31T05:30:51","guid":{"rendered":"http:\/\/blogs.elpunt.cat\/carlesribera\/?p=3183"},"modified":"2013-12-30T23:37:04","modified_gmt":"2013-12-30T22:37:04","slug":"herodot-i-els-catalans","status":"publish","type":"post","link":"https:\/\/blogs.elpunt.cat\/carlesribera\/2013\/12\/31\/herodot-i-els-catalans\/","title":{"rendered":"Her\u00f2dot i els catalans"},"content":{"rendered":"<p>La Hist\u00f2ria \u00e9s un fabul\u00f3s calaix de sastre on remenant una mica sempre trobem all\u00f2 que ens cal per intentar comprendre un present complex. Sovint les accions pret\u00e8rites estan directament concatenades amb l\u2019actualitat. Altres cops episodis del passat sense cap connexi\u00f3 serveixen com a analogia aplicable a situacions d\u2019avui, amb escenes paradigm\u00e0tiques que ens acosten a circumst\u00e0ncies i actituds d\u2019ara. Viatgem, per exemple, dos mil cinc-cents anys enrere. En la c\u00e8lebre Hist\u00f2ria d\u2019Her\u00f2dot s\u2019hi explica que el fam\u00f3s persa Cir va conquerir la terra L\u00eddia (a l\u2019actual Turquia), on regnava el no menys c\u00e8lebre Cresos. Cir, triomfal, va ordenar la destrucci\u00f3 de Sardes, capital dels lidis. El rei deposat, sorpr\u00e8s, va interpel\u00b7lar el vencedor en una conversa que Her\u00f2dot va reportar aix\u00ed, en traducci\u00f3 de Rub\u00e9n J. Monta\u00f1\u00e9s: \u201cEll li f\u00e9u la seg\u00fcent pregunta [a Cir]: \u2018En qu\u00e8 s\u2019afanya tant tota aquesta turba?\u2019 L\u2019altre digu\u00e9: \u2018Devasta la teva ciutat [Sardes] i s\u2019end\u00fa les teves riqueses\u2019. Per\u00f2 Cresos va respondre: \u2018Ni saqueja la meva ciutat ni les meves riqueses; perqu\u00e8 res d\u2019aix\u00f2 no \u00e9s ja meu; sin\u00f3 que s\u2019enduen i s\u2019emporten el que \u00e9s teu.\u2019\u201d<br \/>\nNo em digueu que l\u2019exemple no \u00e9s aplicable a les relacions entre Espanya i Catalunya. Ens van v\u00e8ncer per\u00f2 ens han continuat tractant no pas com alg\u00fa a qui considerar igual sin\u00f3 com a enemics a qui saquejar, de qui exterminar llengua i cultura. Ens han fotut tan impunement que no els resta ni la capacitat d\u2019ensarronar-nos amb cants de sirena que no es creu ning\u00fa. Curiosament, per\u00f2, aquest 2014 que ja tenim aqu\u00ed, quan els catalans, despr\u00e9s de d\u00e8cades d\u2019ingenus esfor\u00e7os d\u2019integraci\u00f3, no pretenem res m\u00e9s que donar-los la ra\u00f3, no ens deixen comportar-nos com faria qualsevol ven\u00e7ut i espoliat: alliberar-nos d\u2019aquest r\u00e8gim de satrapia. (Publicat a El Punt Avui el 31 de desembre de 2013)<\/p>\n","protected":false},"excerpt":{"rendered":"<p>La Hist\u00f2ria \u00e9s un fabul\u00f3s calaix de sastre on remenant una mica sempre trobem all\u00f2 que ens cal per intentar comprendre un present complex. Sovint les accions pret\u00e8rites estan directament concatenades amb l\u2019actualitat. Altres cops episodis del passat sense cap connexi\u00f3 serveixen com a analogia aplicable a situacions d\u2019avui, amb escenes paradigm\u00e0tiques que ens acosten [&hellip;]<\/p>\n","protected":false},"author":5,"featured_media":0,"comment_status":"closed","ping_status":"closed","sticky":false,"template":"","format":"standard","meta":{"footnotes":""},"categories":[5389,648],"tags":[5411,5405],"class_list":["post-3183","post","type-post","status-publish","format-standard","hentry","category-a-la-tres","category-pais-patit","tag-a-la-tres","tag-pais-patit"],"jetpack_featured_media_url":"","_links":{"self":[{"href":"https:\/\/blogs.elpunt.cat\/carlesribera\/wp-json\/wp\/v2\/posts\/3183","targetHints":{"allow":["GET"]}}],"collection":[{"href":"https:\/\/blogs.elpunt.cat\/carlesribera\/wp-json\/wp\/v2\/posts"}],"about":[{"href":"https:\/\/blogs.elpunt.cat\/carlesribera\/wp-json\/wp\/v2\/types\/post"}],"author":[{"embeddable":true,"href":"https:\/\/blogs.elpunt.cat\/carlesribera\/wp-json\/wp\/v2\/users\/5"}],"replies":[{"embeddable":true,"href":"https:\/\/blogs.elpunt.cat\/carlesribera\/wp-json\/wp\/v2\/comments?post=3183"}],"version-history":[{"count":1,"href":"https:\/\/blogs.elpunt.cat\/carlesribera\/wp-json\/wp\/v2\/posts\/3183\/revisions"}],"predecessor-version":[{"id":3184,"href":"https:\/\/blogs.elpunt.cat\/carlesribera\/wp-json\/wp\/v2\/posts\/3183\/revisions\/3184"}],"wp:attachment":[{"href":"https:\/\/blogs.elpunt.cat\/carlesribera\/wp-json\/wp\/v2\/media?parent=3183"}],"wp:term":[{"taxonomy":"category","embeddable":true,"href":"https:\/\/blogs.elpunt.cat\/carlesribera\/wp-json\/wp\/v2\/categories?post=3183"},{"taxonomy":"post_tag","embeddable":true,"href":"https:\/\/blogs.elpunt.cat\/carlesribera\/wp-json\/wp\/v2\/tags?post=3183"}],"curies":[{"name":"wp","href":"https:\/\/api.w.org\/{rel}","templated":true}]}}