{"id":3185,"date":"2014-01-02T06:40:32","date_gmt":"2014-01-02T05:40:32","guid":{"rendered":"http:\/\/blogs.elpunt.cat\/carlesribera\/?p=3185"},"modified":"2014-01-01T13:42:30","modified_gmt":"2014-01-01T12:42:30","slug":"metro-i-bus-quin-abus","status":"publish","type":"post","link":"https:\/\/blogs.elpunt.cat\/carlesribera\/2014\/01\/02\/metro-i-bus-quin-abus\/","title":{"rendered":"Metro i bus, quin ab\u00fas"},"content":{"rendered":"<p>Des de fa ja unes quantes d\u00e8cades , en aquesta societat consumista, la possessi\u00f3 de targetes exclusives \u00e9s un signe de capacitat econ\u00f2mica inconfusible i preuat. Tot i que les entitats financeres, especialment en l\u2019enyorada \u00e8poca de vaques grasses, ens les han vingut endossant durant molts anys per m\u00e9s pelacanyes que f\u00f3ssim amb l\u2019objectiu no confessat de poder-nos anar cobrant les despeses de gesti\u00f3, val a dir que no \u00e9s a l\u2019abast de totes les butxaques poder manejar amb flu\u00efdesa i solv\u00e8ncia una Visa Platinum, una Master Card Worild Elite o una American Express Bussines Gold, per posar alguns exemples. La moda del targeter de luxe molta gent la complementa amb pl\u00e0stics d\u2019exclusius centres de fitness (all\u00f2 que abans en d\u00e8iem gimn\u00e0s) o botigues de categoria que fidelitzen els seus clients amb atractius descomptes per la compra de coses que no ens fan cap falta, i no em refereixo pas a la targeta de fidelitzaci\u00f3 del s\u00faper, no, vull dir exclusivitat i distinci\u00f3.<br \/>\nAix\u00f2 no \u00e9s tot. Des d\u2019ahir, els que teniu la sort d\u2019anar forts d\u2019armilla podeu omplir un lloc m\u00e9s a la vostra envejable cartera, especialment si sou de Barcelona i encontorns. Podreu guardar-hi la T-10, la T30\/50 i, els m\u00e9s esnobs, col\u00b7leccionar-hi bitllets senzills. Personalment, com a usuari freq\u00fcent del transport p\u00fablic, em moro de ganes per baixar avui al metro i comprovar com un amable funcionari amb uniforme i gorra de plat m\u2019obrir\u00e0 la porta del vag\u00f3. O, si pujo a l\u2019autob\u00fas, friso per sentir-me afalagat per aquella simp\u00e0tica hostessa que probablement desenrotllar\u00e0 l\u2019estora vermella al meu pas i em servir\u00e0 una copa de cava de benvinguda al costat de la m\u00e0quina de marcar. \u00c9s el m\u00ednim que poden fer per estar a l\u2019altura de la clatellada que arrenca avui. Quin ab\u00fas, metro i bus. (Publicat a El Punt Avui el 2 de gener de 2014)<\/p>\n","protected":false},"excerpt":{"rendered":"<p>Des de fa ja unes quantes d\u00e8cades , en aquesta societat consumista, la possessi\u00f3 de targetes exclusives \u00e9s un signe de capacitat econ\u00f2mica inconfusible i preuat. Tot i que les entitats financeres, especialment en l\u2019enyorada \u00e8poca de vaques grasses, ens les han vingut endossant durant molts anys per m\u00e9s pelacanyes que f\u00f3ssim amb l\u2019objectiu no [&hellip;]<\/p>\n","protected":false},"author":5,"featured_media":0,"comment_status":"closed","ping_status":"closed","sticky":false,"template":"","format":"standard","meta":{"footnotes":""},"categories":[5389,648],"tags":[5411,5405],"class_list":["post-3185","post","type-post","status-publish","format-standard","hentry","category-a-la-tres","category-pais-patit","tag-a-la-tres","tag-pais-patit"],"jetpack_featured_media_url":"","_links":{"self":[{"href":"https:\/\/blogs.elpunt.cat\/carlesribera\/wp-json\/wp\/v2\/posts\/3185","targetHints":{"allow":["GET"]}}],"collection":[{"href":"https:\/\/blogs.elpunt.cat\/carlesribera\/wp-json\/wp\/v2\/posts"}],"about":[{"href":"https:\/\/blogs.elpunt.cat\/carlesribera\/wp-json\/wp\/v2\/types\/post"}],"author":[{"embeddable":true,"href":"https:\/\/blogs.elpunt.cat\/carlesribera\/wp-json\/wp\/v2\/users\/5"}],"replies":[{"embeddable":true,"href":"https:\/\/blogs.elpunt.cat\/carlesribera\/wp-json\/wp\/v2\/comments?post=3185"}],"version-history":[{"count":1,"href":"https:\/\/blogs.elpunt.cat\/carlesribera\/wp-json\/wp\/v2\/posts\/3185\/revisions"}],"predecessor-version":[{"id":3186,"href":"https:\/\/blogs.elpunt.cat\/carlesribera\/wp-json\/wp\/v2\/posts\/3185\/revisions\/3186"}],"wp:attachment":[{"href":"https:\/\/blogs.elpunt.cat\/carlesribera\/wp-json\/wp\/v2\/media?parent=3185"}],"wp:term":[{"taxonomy":"category","embeddable":true,"href":"https:\/\/blogs.elpunt.cat\/carlesribera\/wp-json\/wp\/v2\/categories?post=3185"},{"taxonomy":"post_tag","embeddable":true,"href":"https:\/\/blogs.elpunt.cat\/carlesribera\/wp-json\/wp\/v2\/tags?post=3185"}],"curies":[{"name":"wp","href":"https:\/\/api.w.org\/{rel}","templated":true}]}}