{"id":3190,"date":"2014-01-16T10:40:24","date_gmt":"2014-01-16T09:40:24","guid":{"rendered":"http:\/\/blogs.elpunt.cat\/carlesribera\/?p=3190"},"modified":"2014-01-16T10:40:24","modified_gmt":"2014-01-16T09:40:24","slug":"labstencio-de-la-cup","status":"publish","type":"post","link":"https:\/\/blogs.elpunt.cat\/carlesribera\/2014\/01\/16\/labstencio-de-la-cup\/","title":{"rendered":"L&#8217;abstenci\u00f3 de la CUP"},"content":{"rendered":"<p>Estic conven\u00e7ut que dels vuitanta i escaig diputats que est\u00e0 previst que votin avui a favor de demanar a l&#8217;Estat la transfer\u00e8ncia de la compet\u00e8ncia per convocar el refer\u00e8ndum cap ni un creu que aquesta petici\u00f3 obtindr\u00e0 una resposta positiva. Podr\u00edem dir, per tant, que en aquesta controv\u00e8rsia la posici\u00f3 m\u00e9s conseq\u00fcent \u00e9s la dels tres diputats de la CUP, que han anunciat que s&#8217;abstindran perqu\u00e8 troben que a Madrid no cal anar-hi a picar ferro fred. Com que els arguments que exposen els cupaires s\u00f3n ideol\u00f2gicament impecables, seria injust fer-los cap retret de fons, tot i que algunes consideracions reflexives s\u00f3n inevitables.<br \/>\nLa coher\u00e8ncia program\u00e0tica i el sentit estrat\u00e8gic algunes vegades no van de manera paral\u00b7lela en les conjuntures de l&#8217;envitricollada pol\u00edtica parlament\u00e0ria. L&#8217;efectisme, la teatralitat (eines que tan b\u00e9 domina, per cert, David Fern\u00e0ndez) s\u00f3n b\u00e0sics per assolir algunes fites. L&#8217;objectiu de la CUP respecte del dret a decidir t\u00e9 una conflu\u00e8ncia de m\u00ednims indiscutible amb CiU, ERC i ICV-EUiA (i els socialistes que s&#8217;hi sumin) en la convicci\u00f3 que cal que siguem els catalans els que decidim qu\u00e8 volem ser. Per\u00f2 hi ha moments hist\u00f2rics en qu\u00e8 aquesta coincid\u00e8ncia cal refor\u00e7ar-la amb la sensaci\u00f3 de cohesi\u00f3, de bloc, de for\u00e7a. En aquest sentit, l&#8217;abstenci\u00f3 de la CUP no \u00e9s cap esquerda en el proc\u00e9s nacional, per\u00f2 genera un cert desconcert entre els que pensen que en la part estreta de l&#8217;embut de l&#8217;oportunitat hist\u00f2rica, on som avui, l&#8217;escrupolositat dels procediments i el poder del simbolisme s\u00f3n incompatibles amb la falta de resili\u00e8ncia pol\u00edtica. Quan s&#8217;est\u00e0 jugant la possibilitat d&#8217;un vot favorable de m\u00e9s de dos ter\u00e7os del Parlament, la difer\u00e8ncia entre el quasi i el m\u00e9s \u00e9s simb\u00f2licament tan important com un bon cop de sand\u00e0lia damunt la taula.<br \/>\n(Publicat a El Punt Avui el 16 de gener de 2014)<\/p>\n","protected":false},"excerpt":{"rendered":"<p>Estic conven\u00e7ut que dels vuitanta i escaig diputats que est\u00e0 previst que votin avui a favor de demanar a l&#8217;Estat la transfer\u00e8ncia de la compet\u00e8ncia per convocar el refer\u00e8ndum cap ni un creu que aquesta petici\u00f3 obtindr\u00e0 una resposta positiva. Podr\u00edem dir, per tant, que en aquesta controv\u00e8rsia la posici\u00f3 m\u00e9s conseq\u00fcent \u00e9s la dels [&hellip;]<\/p>\n","protected":false},"author":5,"featured_media":0,"comment_status":"closed","ping_status":"closed","sticky":false,"template":"","format":"standard","meta":{"footnotes":""},"categories":[5389,648],"tags":[5411,5405],"class_list":["post-3190","post","type-post","status-publish","format-standard","hentry","category-a-la-tres","category-pais-patit","tag-a-la-tres","tag-pais-patit"],"jetpack_featured_media_url":"","_links":{"self":[{"href":"https:\/\/blogs.elpunt.cat\/carlesribera\/wp-json\/wp\/v2\/posts\/3190","targetHints":{"allow":["GET"]}}],"collection":[{"href":"https:\/\/blogs.elpunt.cat\/carlesribera\/wp-json\/wp\/v2\/posts"}],"about":[{"href":"https:\/\/blogs.elpunt.cat\/carlesribera\/wp-json\/wp\/v2\/types\/post"}],"author":[{"embeddable":true,"href":"https:\/\/blogs.elpunt.cat\/carlesribera\/wp-json\/wp\/v2\/users\/5"}],"replies":[{"embeddable":true,"href":"https:\/\/blogs.elpunt.cat\/carlesribera\/wp-json\/wp\/v2\/comments?post=3190"}],"version-history":[{"count":1,"href":"https:\/\/blogs.elpunt.cat\/carlesribera\/wp-json\/wp\/v2\/posts\/3190\/revisions"}],"predecessor-version":[{"id":3191,"href":"https:\/\/blogs.elpunt.cat\/carlesribera\/wp-json\/wp\/v2\/posts\/3190\/revisions\/3191"}],"wp:attachment":[{"href":"https:\/\/blogs.elpunt.cat\/carlesribera\/wp-json\/wp\/v2\/media?parent=3190"}],"wp:term":[{"taxonomy":"category","embeddable":true,"href":"https:\/\/blogs.elpunt.cat\/carlesribera\/wp-json\/wp\/v2\/categories?post=3190"},{"taxonomy":"post_tag","embeddable":true,"href":"https:\/\/blogs.elpunt.cat\/carlesribera\/wp-json\/wp\/v2\/tags?post=3190"}],"curies":[{"name":"wp","href":"https:\/\/api.w.org\/{rel}","templated":true}]}}