{"id":431,"date":"2009-05-25T20:03:44","date_gmt":"2009-05-25T19:03:44","guid":{"rendered":"http:\/\/blogs.elpunt.cat\/carlesribera\/?p=431"},"modified":"2009-05-25T20:03:44","modified_gmt":"2009-05-25T19:03:44","slug":"manel-i-companyia","status":"publish","type":"post","link":"https:\/\/blogs.elpunt.cat\/carlesribera\/2009\/05\/25\/manel-i-companyia\/","title":{"rendered":"Manel i companyia"},"content":{"rendered":"<div id=\"attachment_432\" style=\"width: 266px\" class=\"wp-caption alignleft\"><a href=\"http:\/\/blogs.elpunt.cat\/carlesribera\/files\/2009\/05\/2009-03-1651662.jpg\"><img loading=\"lazy\" decoding=\"async\" aria-describedby=\"caption-attachment-432\" class=\"size-full wp-image-432 \" src=\"http:\/\/blogs.elpunt.cat\/carlesribera\/files\/2009\/05\/2009-03-1651662.jpg\" alt=\"Concert del grup Manel a l'Auditori de la Pedrera\" width=\"256\" height=\"147\" \/><\/a><p id=\"caption-attachment-432\" class=\"wp-caption-text\">Concert del grup Manel <\/p><\/div>\n<p>\u00abA vegades, una carambola de sobte ens demostra que ens en sortim.\u00bb Si teniu m\u00e9s de trenta anys, a la majoria de vosaltres aquesta frase us pot sonar perqu\u00e8 pertany a una can\u00e7\u00f3 que TV3 ha fet servir com a colof\u00f3 dels espais de la <a title=\"Web de la setmana de TV3\" href=\"http:\/\/www.tv3.cat\/lasetmana\/\" target=\"_blank\">setmana<\/a> dedicada a motivar el personal per superar la crisi. Si en teniu menys de trenta, o si sou uns veterans que seguiu l\u2019actualitat musical en general i, aix\u00f2 ja \u00e9s per a nota, la catalana en particular, sabreu que es tracta de la tornada d\u2019una can\u00e7\u00f3 d\u2019un grup anomenat <a title=\"Web del grup\" href=\"http:\/\/www.manelweb.com\/\" target=\"_blank\">Manel<\/a>, que en poc temps s\u2019ha guanyat el favor de cr\u00edtica i p\u00fablic. La qual cosa, parlant de m\u00fasica en catal\u00e0, vol dir un favor relativament minoritari per\u00f2 absolutament devot. Aquest \u00faltim aspecte el vaig poder comprovar l\u2019altre dia en un concert dels Manel que em va entusiasmar tot i que, inicialment, per a un quarant\u00ed anar a un d\u2019aquests concerts pot resultar com entrar en un garatge caracteritzat de pop. Per als joves dels seixanta que encara no hem acabat la benzina concertista, els programadors generalment ens reserven les actuacions a preus poc saludables de velles gl\u00f2ries que, amb comptades excepcions, fan m\u00e9s honor a la primera que a la segona part de la seva denominaci\u00f3. He assistit a magn\u00edfiques actuacions de gent com Bill Wyman, Raimon o Roger Hodgson, per posar alguns exemples de veterans il\u00b7lustres, per\u00f2 val a dir que la majoria dels exponents d\u2019aquestes generacions, en diferents g\u00e8neres, lleng\u00fces i estils, no fan gaire res m\u00e9s que arrossegar els seus excessos passats pels escenaris amb una dignitat m\u00e9s que dubtosa.<br \/>\n\u00c9s per aix\u00f2 que un diu, coi, la nost\u00e0lgia est\u00e0 molt b\u00e9 per fer donar tombs als vells vinils, per\u00f2 a l\u2019hora d\u2019escoltar m\u00fasica en viu val m\u00e9s intentar fer un esfor\u00e7 de posar-se al dia. I tal dit, tal fet, me n\u2019he anat a veure els Manel i n\u2019he sortit encantat. Unes melodies senzilles i efectives, unes lletres plenes d\u2019un bon raig d\u2019humor i unes gotes de melancolia. Una posada en escena engrescadora per\u00f2 sense exc\u00e9s. No s\u00f3n els \u00fanics que estan contribuint a revitalitzar el panorama musical catal\u00e0 dels \u00faltims temps mirant de treure el cap entre les esquerdes d\u2019aquesta llosa implacable que \u00e9s l\u2019\u00e0mbit comunicacional espanyol, del pes de la qual Catalunya tampoc no escapa. Hi ha els Manel, per\u00f2 tamb\u00e9 <a title=\"web del grup\" href=\"http:\/\/www.mazoni.net\/\" target=\"_blank\">Mazoni<\/a>, <a title=\"Biografia\" href=\"http:\/\/ca.wikipedia.org\/wiki\/Guillamino\" target=\"_blank\">Guillamino<\/a>, <a title=\"web de Sanjosex\" href=\"http:\/\/www.sanjosex.com\/\" target=\"_blank\">Sanjosex<\/a> o <a title=\"Benvinguts al gruixudisme!\" href=\"http:\/\/www.thegruixuts.com\/\" target=\"_blank\">The Gruixuts<\/a>, per citar-ne nom\u00e9s alguns que em v\u00e9nen al cap i que si em v\u00e9nen al cap \u00e9s perqu\u00e8 alguna cosa de la seva m\u00fasica m\u2019ha cridat l\u2019atenci\u00f3.<br \/>\nAra que ho penso, potser hauria de pujar el llist\u00f3 de l\u2019edat perqu\u00e8 al concert de Manel em fixo que de trenta per amunt n\u2019hi ha una bona colla. De fet, molts d\u2019aquests nous grups fan un tipus de m\u00fasica for\u00e7a intergeneracional, transgeneracional o multigeneracional, depenent de les ganes que tingueu d\u2019inventar nous conceptes per definir idees velles. O sigui, quarantins (i cinquantins, i&#8230; del m\u00f3n, no us talleu i entreu en aquesta nova dimensi\u00f3 de sonoritats catalanes. No us dir\u00e9 que us baixeu la m\u00fasica per internet per no posar-vos en un comprom\u00eds tecnol\u00f2gic. Per\u00f2 sempre us queda la possibilitat de fer all\u00f2 tan passat de moda que \u00e9s anar a comprar-se el disc.<\/p>\n<p>\u00a0<strong>[youtube]X5bBZ5ZbOWE[\/youtube]<\/strong><\/p>\n","protected":false},"excerpt":{"rendered":"<p>\u00abA vegades, una carambola de sobte ens demostra que ens en sortim.\u00bb Si teniu m\u00e9s de trenta anys, a la majoria de vosaltres aquesta frase us pot sonar perqu\u00e8 pertany a una can\u00e7\u00f3 que TV3 ha fet servir com a colof\u00f3 dels espais de la setmana dedicada a motivar el personal per superar la crisi. [&hellip;]<\/p>\n","protected":false},"author":5,"featured_media":0,"comment_status":"open","ping_status":"closed","sticky":false,"template":"","format":"standard","meta":{"footnotes":""},"categories":[5403],"tags":[361],"class_list":["post-431","post","type-post","status-publish","format-standard","hentry","category-musiquetes","tag-musiquetes"],"jetpack_featured_media_url":"","_links":{"self":[{"href":"https:\/\/blogs.elpunt.cat\/carlesribera\/wp-json\/wp\/v2\/posts\/431","targetHints":{"allow":["GET"]}}],"collection":[{"href":"https:\/\/blogs.elpunt.cat\/carlesribera\/wp-json\/wp\/v2\/posts"}],"about":[{"href":"https:\/\/blogs.elpunt.cat\/carlesribera\/wp-json\/wp\/v2\/types\/post"}],"author":[{"embeddable":true,"href":"https:\/\/blogs.elpunt.cat\/carlesribera\/wp-json\/wp\/v2\/users\/5"}],"replies":[{"embeddable":true,"href":"https:\/\/blogs.elpunt.cat\/carlesribera\/wp-json\/wp\/v2\/comments?post=431"}],"version-history":[{"count":4,"href":"https:\/\/blogs.elpunt.cat\/carlesribera\/wp-json\/wp\/v2\/posts\/431\/revisions"}],"predecessor-version":[{"id":436,"href":"https:\/\/blogs.elpunt.cat\/carlesribera\/wp-json\/wp\/v2\/posts\/431\/revisions\/436"}],"wp:attachment":[{"href":"https:\/\/blogs.elpunt.cat\/carlesribera\/wp-json\/wp\/v2\/media?parent=431"}],"wp:term":[{"taxonomy":"category","embeddable":true,"href":"https:\/\/blogs.elpunt.cat\/carlesribera\/wp-json\/wp\/v2\/categories?post=431"},{"taxonomy":"post_tag","embeddable":true,"href":"https:\/\/blogs.elpunt.cat\/carlesribera\/wp-json\/wp\/v2\/tags?post=431"}],"curies":[{"name":"wp","href":"https:\/\/api.w.org\/{rel}","templated":true}]}}