{"id":454,"date":"2009-06-16T20:07:15","date_gmt":"2009-06-16T19:07:15","guid":{"rendered":"http:\/\/blogs.elpunt.cat\/carlesribera\/?p=454"},"modified":"2009-07-07T09:41:36","modified_gmt":"2009-07-07T08:41:36","slug":"lassassina-grega","status":"publish","type":"post","link":"https:\/\/blogs.elpunt.cat\/carlesribera\/2009\/06\/16\/lassassina-grega\/","title":{"rendered":"L&#8217;assassina grega"},"content":{"rendered":"<p>\u00a0<\/p>\n<div id=\"attachment_455\" style=\"width: 132px\" class=\"wp-caption alignleft\"><a href=\"http:\/\/blogs.elpunt.cat\/carlesribera\/files\/2009\/06\/coverwebassaassina.jpg\"><img loading=\"lazy\" decoding=\"async\" aria-describedby=\"caption-attachment-455\" class=\"size-full wp-image-455\" src=\"http:\/\/blogs.elpunt.cat\/carlesribera\/files\/2009\/06\/coverwebassaassina.jpg\" alt=\"Portada del llibre\" width=\"122\" height=\"179\" \/><\/a><p id=\"caption-attachment-455\" class=\"wp-caption-text\">Portada del llibre<\/p><\/div>\n<p style=\"margin-bottom: 0cm\">L&#8217;editorial <a title=\"Web de l'editorial\" href=\"http:\/\/www.adesiaraeditorial.cat\/\" target=\"_blank\">Adesiara<\/a> ha publicat <em><a title=\"Fitxa del llibre\" href=\"http:\/\/www.adesiaraeditorial.cat\/verFicha.aspx?id=252257278\" target=\"_blank\">L&#8217;assassina<\/a>, <\/em><span style=\"font-style: normal\">un t\u00edtol que t\u00e9 aparen\u00e7a de novel\u00b7la negra per\u00f2 que en realitat \u00e9s un drama rural del segle XIX ambientat a les illes gregues. L&#8217;autor \u00e9s un dels pares de la literatura hel\u00b7l\u00e8nica moderna, <a title=\"Biografia (en angl\u00e8s)\" href=\"http:\/\/deniseharveypublisher.gr\/people\/alexandros-papadiamandis\" target=\"_blank\">Al\u00e8xandros Papadiamandis <\/a>(1851-1911), i la hist\u00f2ria que hi trobareu \u00e9s la d&#8217;una anciana (anciana per a la moda de l&#8217;\u00e8poca, ja que t\u00e9 poc m\u00e9s de seixanta anys) que es dedica a matar nenes petites per estalviar-los els patiments derivats d&#8217;haver nascut dones en una societat miserable, cruel i discriminat\u00f2ria com la d&#8217;aquells encontorns. Una traducci\u00f3 treballad\u00edssima de Ra\u00fcl Garrigasait (amb un estudi a mode d&#8217;ep\u00edleg incl\u00f3s) que recrea la gran riquesa de matisos del vocabulari frond\u00f3s que, cal suposar, cont\u00e9 l&#8217;original de Papadiamandis. Una novel\u00b7la moral sense ser moralista, amb un discurs en qu\u00e8 la gravetat dels fets es descriu des d&#8217;una dist\u00e0ncia emotiva que, aix\u00f2 no obstant, no comporta, ben al contrari, una falta de sensibilitat davant les desgr\u00e0cies que exposa ni defuig un profund retrat psicol\u00f2gic de la desesperaci\u00f3 humana. Amb la salvetat que aquesta traducci\u00f3 est\u00e0 feta al catal\u00e0 actual, a <\/span><em>L&#8217;Assassina<\/em><span style=\"font-style: normal\"> hi trobareu un paral\u00b7lelisme evident, segons el meu parer, amb <em>La infanticida<\/em> o <\/span><em>Solitud<\/em><span style=\"font-style: normal\">, de V\u00edctor Catal\u00e0, tant per la l\u00ednia argumental com pel tractament dels personatges, retratats amb una delicadesa gens estovada que fa bona la frase de Kundera que diu que no hi ha persona m\u00e9s insensible que un sentimental. <em>L&#8217;assassina<\/em> \u00e9s una obra plena de sensibilitat, per\u00f2 a les ant\u00edpodes del sentimentalisme.<\/span><\/p>\n<p><span style=\"font-style: normal\"><\/p>\n<p style=\"text-align: justify\"><strong>L&#8217;heu llegit, el llibre? Us ha agradat? No us ha agradat? Els vostres comentaris s\u00f3n benvinguts!<\/strong><\/p>\n<p><\/span><\/p>\n","protected":false},"excerpt":{"rendered":"<p>\u00a0 L&#8217;editorial Adesiara ha publicat L&#8217;assassina, un t\u00edtol que t\u00e9 aparen\u00e7a de novel\u00b7la negra per\u00f2 que en realitat \u00e9s un drama rural del segle XIX ambientat a les illes gregues. L&#8217;autor \u00e9s un dels pares de la literatura hel\u00b7l\u00e8nica moderna, Al\u00e8xandros Papadiamandis (1851-1911), i la hist\u00f2ria que hi trobareu \u00e9s la d&#8217;una anciana (anciana per [&hellip;]<\/p>\n","protected":false},"author":5,"featured_media":0,"comment_status":"open","ping_status":"closed","sticky":false,"template":"","format":"standard","meta":{"footnotes":""},"categories":[115],"tags":[5401],"class_list":["post-454","post","type-post","status-publish","format-standard","hentry","category-el-llegir-no-fa-perdre-lescriure","tag-el-llegir-no-fa-perdre-lescriure"],"jetpack_featured_media_url":"","_links":{"self":[{"href":"https:\/\/blogs.elpunt.cat\/carlesribera\/wp-json\/wp\/v2\/posts\/454","targetHints":{"allow":["GET"]}}],"collection":[{"href":"https:\/\/blogs.elpunt.cat\/carlesribera\/wp-json\/wp\/v2\/posts"}],"about":[{"href":"https:\/\/blogs.elpunt.cat\/carlesribera\/wp-json\/wp\/v2\/types\/post"}],"author":[{"embeddable":true,"href":"https:\/\/blogs.elpunt.cat\/carlesribera\/wp-json\/wp\/v2\/users\/5"}],"replies":[{"embeddable":true,"href":"https:\/\/blogs.elpunt.cat\/carlesribera\/wp-json\/wp\/v2\/comments?post=454"}],"version-history":[{"count":5,"href":"https:\/\/blogs.elpunt.cat\/carlesribera\/wp-json\/wp\/v2\/posts\/454\/revisions"}],"predecessor-version":[{"id":513,"href":"https:\/\/blogs.elpunt.cat\/carlesribera\/wp-json\/wp\/v2\/posts\/454\/revisions\/513"}],"wp:attachment":[{"href":"https:\/\/blogs.elpunt.cat\/carlesribera\/wp-json\/wp\/v2\/media?parent=454"}],"wp:term":[{"taxonomy":"category","embeddable":true,"href":"https:\/\/blogs.elpunt.cat\/carlesribera\/wp-json\/wp\/v2\/categories?post=454"},{"taxonomy":"post_tag","embeddable":true,"href":"https:\/\/blogs.elpunt.cat\/carlesribera\/wp-json\/wp\/v2\/tags?post=454"}],"curies":[{"name":"wp","href":"https:\/\/api.w.org\/{rel}","templated":true}]}}