{"id":607,"date":"2009-08-11T11:16:22","date_gmt":"2009-08-11T10:16:22","guid":{"rendered":"http:\/\/blogs.elpunt.cat\/carlesribera\/?p=607"},"modified":"2009-08-11T11:17:28","modified_gmt":"2009-08-11T10:17:28","slug":"coses-de-bon-passar","status":"publish","type":"post","link":"https:\/\/blogs.elpunt.cat\/carlesribera\/2009\/08\/11\/coses-de-bon-passar\/","title":{"rendered":"Coses de bon passar"},"content":{"rendered":"<div id=\"attachment_609\" style=\"width: 136px\" class=\"wp-caption alignleft\"><a href=\"http:\/\/blogs.elpunt.cat\/carlesribera\/files\/2009\/08\/boullier.jpg\"><img loading=\"lazy\" decoding=\"async\" aria-describedby=\"caption-attachment-609\" class=\"size-full wp-image-609   \" src=\"http:\/\/blogs.elpunt.cat\/carlesribera\/files\/2009\/08\/boullier.jpg\" alt=\"Portada del llibre\" width=\"126\" height=\"153\" \/><\/a><p id=\"caption-attachment-609\" class=\"wp-caption-text\">Portada del llibre<\/p><\/div>\n<p style=\"text-align: justify\">Publicat per <a title=\"Web de l'editorial\" href=\"http:\/\/www.editorialaccent.cat\/index.php\" target=\"_blank\">Accent Editorial<\/a>\u00a0amb traducci\u00f3\u00a0d&#8217;<a title=\"Breu biografia\" href=\"http:\/\/www.editorialaccent.cat\/autors.php?a=fitxa&amp;id=20\" target=\"_blank\">Isabel Olid B\u00e1ez<\/a>,\u00a0acabo de llegir\u00a0<em><a title=\"Fitxa del llibre\" href=\"http:\/\/www.editorialaccent.cat\/llibres.php?a=fitxa&amp;id=13\" target=\"_blank\">Coses que passen<\/a><\/em>,\u00a0de <a title=\"Biografia\" href=\"http:\/\/www.editorialaccent.cat\/autors.php?a=fitxa&amp;id=19\" target=\"_blank\">Gr\u00e9goire Boullier<\/a>, una magn\u00edfica autobiografia no s\u00e9 fins a quin punt real, no s\u00e9 en quina mesura imaginada, sigui com sigui un fet que al cap i a la fi resulta irrellevant perqu\u00e8 all\u00f2 que compta \u00e9s la pot\u00e8ncia de la hist\u00f2ria, i de pot\u00e8ncia, for\u00e7a i contund\u00e8ncia no ni falta gens a aquest <em>rapport<\/em>\u00a0sobre la vida del senyor Boullier. Per situar-vos,\u00a0trobo que \u00e9s una\u00a0narraci\u00f3 argumentalment i estil\u00edsticament situada en un punt indeterminat entre <em><a title=\"Sinopsi i fitxa\" href=\"http:\/\/www.lavenc.com\/index.php?\/cat\/llibres_l_avenc\/els_llibres_de_l_avenc\/una_educacio_francesa\" target=\"_blank\">Una educaci\u00f3 francesa<\/a><\/em>, de <a title=\"Blog de Bezsonoff\" href=\"http:\/\/mitrophane.vefblog.net\/13.html\" target=\"_blank\">Joan Daniel Bezsonovff<\/a>\u00a0i <a title=\"Fitxa i biografia\" href=\"http:\/\/www.edicionslacampana.cat\/index.php\/llibres\/317\" target=\"_blank\">Auxili, perd\u00f3<\/a>de Fr\u00e9d\u00e9ric B\u00e9igbeder. Una mica m\u00e9s salvatge i menys elaborat que el primer, una mica menys\u00a0exuberant i m\u00e9s cre\u00efble que el segon. Una hist\u00f2ria de canvis de resid\u00e8ncia, d&#8217;infantesa marcada per relacions familiars\u00a0extravagants i un concepci\u00f3 de les relacions humanes i\u00a0sexuals\u00a0tortuosa i\u00a0embolicada. Un personatge que est\u00e0 com un llum, la qual cosa li permet\u00a0il\u00b7luminar una hist\u00f2ria\u00a0explicada amb\u00a0empenta,\u00a0de gruix narratiu i d&#8217;estil\u00a0fresc i alhora profund.\u00a0M&#8217;ho he passat\u00a0b\u00e9, ho reconec, amb aquesta tragicom\u00e8dia existencial\u00a0del senyor Boullier.\u00a0<\/p>\n","protected":false},"excerpt":{"rendered":"<p>Publicat per Accent Editorial\u00a0amb traducci\u00f3\u00a0d&#8217;Isabel Olid B\u00e1ez,\u00a0acabo de llegir\u00a0Coses que passen,\u00a0de Gr\u00e9goire Boullier, una magn\u00edfica autobiografia no s\u00e9 fins a quin punt real, no s\u00e9 en quina mesura imaginada, sigui com sigui un fet que al cap i a la fi resulta irrellevant perqu\u00e8 all\u00f2 que compta \u00e9s la pot\u00e8ncia de la hist\u00f2ria, i de [&hellip;]<\/p>\n","protected":false},"author":5,"featured_media":0,"comment_status":"open","ping_status":"closed","sticky":false,"template":"","format":"standard","meta":{"footnotes":""},"categories":[115],"tags":[5401],"class_list":["post-607","post","type-post","status-publish","format-standard","hentry","category-el-llegir-no-fa-perdre-lescriure","tag-el-llegir-no-fa-perdre-lescriure"],"jetpack_featured_media_url":"","_links":{"self":[{"href":"https:\/\/blogs.elpunt.cat\/carlesribera\/wp-json\/wp\/v2\/posts\/607","targetHints":{"allow":["GET"]}}],"collection":[{"href":"https:\/\/blogs.elpunt.cat\/carlesribera\/wp-json\/wp\/v2\/posts"}],"about":[{"href":"https:\/\/blogs.elpunt.cat\/carlesribera\/wp-json\/wp\/v2\/types\/post"}],"author":[{"embeddable":true,"href":"https:\/\/blogs.elpunt.cat\/carlesribera\/wp-json\/wp\/v2\/users\/5"}],"replies":[{"embeddable":true,"href":"https:\/\/blogs.elpunt.cat\/carlesribera\/wp-json\/wp\/v2\/comments?post=607"}],"version-history":[{"count":4,"href":"https:\/\/blogs.elpunt.cat\/carlesribera\/wp-json\/wp\/v2\/posts\/607\/revisions"}],"predecessor-version":[{"id":612,"href":"https:\/\/blogs.elpunt.cat\/carlesribera\/wp-json\/wp\/v2\/posts\/607\/revisions\/612"}],"wp:attachment":[{"href":"https:\/\/blogs.elpunt.cat\/carlesribera\/wp-json\/wp\/v2\/media?parent=607"}],"wp:term":[{"taxonomy":"category","embeddable":true,"href":"https:\/\/blogs.elpunt.cat\/carlesribera\/wp-json\/wp\/v2\/categories?post=607"},{"taxonomy":"post_tag","embeddable":true,"href":"https:\/\/blogs.elpunt.cat\/carlesribera\/wp-json\/wp\/v2\/tags?post=607"}],"curies":[{"name":"wp","href":"https:\/\/api.w.org\/{rel}","templated":true}]}}