{"id":16949,"date":"2026-03-02T16:55:23","date_gmt":"2026-03-02T15:55:23","guid":{"rendered":"https:\/\/blogs.elpunt.cat\/enricfigueras\/?p=16949"},"modified":"2026-03-02T16:55:23","modified_gmt":"2026-03-02T15:55:23","slug":"el-president-kennedy-visita-costa-rica-i-mexic-per-la-justicia-social-el-progres-i-la-pau","status":"publish","type":"post","link":"https:\/\/blogs.elpunt.cat\/enricfigueras\/2026\/03\/02\/el-president-kennedy-visita-costa-rica-i-mexic-per-la-justicia-social-el-progres-i-la-pau\/","title":{"rendered":"El President Kennedy visita Costa Rica i M\u00e8xic, per la just\u00edcia social, el progr\u00e9s i la Pau"},"content":{"rendered":"<h2 style=\"text-align: center\"><strong><span style=\"color: #ff0000\">Amb anterioritat, el President John F.Kennedy, havia visitat Puerto Rico, Vene\u00e7uela i Col\u00f2mbia, seguint una pol\u00edtica de bon ve\u00efnatge i de progr\u00e9s mutu.\u00a0<\/span><\/strong><\/h2>\n<h2><\/h2>\n<h2 style=\"text-align: center\"><span style=\"color: #0000ff\"><span class=\"jCAhz ChMk0b\" style=\"background-color: #d2e3fc;cursor: pointer;font-family: Roboto, RobotoDraft, Helvetica, Arial, sans-serif;font-size: 18px\"><span class=\"ryNqvb\">&#8220;Aquesta esperan\u00e7a rau en qu\u00e8 existeixi un hemisferi on cada home tingui prou per menjar i oportunitat de treballar; on cada nen pugui estudiar i cada fam\u00edlia trobar un refugi decent. Tenim esperan\u00e7a d&#8217;assolir un hemisferi en qu\u00e8 tots els homes, des del negre americ\u00e0 fins a l&#8217;indi de la plana, pugui alliberar-se dels lla\u00e7os de la injust\u00edcia social, lliures de seguir el cam\u00ed que ells mateixos <\/span><\/span><span style=\"font-family: Roboto, RobotoDraft, Helvetica, Arial, sans-serif;font-size: 18px\"> escullin, lliures <\/span><span class=\"jCAhz ChMk0b\" style=\"cursor: pointer;font-family: Roboto, RobotoDraft, Helvetica, Arial, sans-serif;font-size: 18px\"><span class=\"ryNqvb\">per participar en els fruits del progr\u00e9s&#8221;<\/span><\/span><\/span><\/h2>\n<h3 style=\"text-align: center\"><span style=\"color: #ff0000\">(President John F.Kennedy)<\/span><\/h3>\n<p>&nbsp;<\/p>\n<p><iframe loading=\"lazy\" title=\"March 18, 1963 - President John F. Kennedy&#039;s Remarks Upon Arrival in San Jose, Costa Rica\" width=\"500\" height=\"375\" src=\"https:\/\/www.youtube.com\/embed\/VKS41m_X3_o?feature=oembed\" frameborder=\"0\" allow=\"accelerometer; autoplay; clipboard-write; encrypted-media; gyroscope; picture-in-picture; web-share\" referrerpolicy=\"strict-origin-when-cross-origin\" allowfullscreen><\/iframe><\/p>\n<h2 style=\"text-align: center\"><span style=\"color: #0000ff;font-family: Roboto, RobotoDraft, Helvetica, Arial, sans-serif;font-size: 18px;background-color: #d2e3fc\">&#8220;That hope lies in a hemisphere where every man has enough to eat and the opportunity to work; where every child can study and every family can find decent shelter. We hope to reach a hemisphere where all men, from the Black American to the Plains Indian, can be freed from the bonds of social injustice, free to follow the path they themselves choose, free to share in the fruits of progress.&#8221;<\/span><\/h2>\n<h3 style=\"text-align: center\"><span style=\"color: #ff0000\">(President John F.Kennedy)<\/span><\/h3>\n<p><iframe loading=\"lazy\" title=\"Visita de John F. Kennedy a M\u00e9xico (1962)\" width=\"500\" height=\"375\" src=\"https:\/\/www.youtube.com\/embed\/xOrb_sO5c1c?feature=oembed\" frameborder=\"0\" allow=\"accelerometer; autoplay; clipboard-write; encrypted-media; gyroscope; picture-in-picture; web-share\" referrerpolicy=\"strict-origin-when-cross-origin\" allowfullscreen><\/iframe><\/p>\n<h2 style=\"text-align: center\"><span style=\"color: #0000ff\"><span class=\"jCAhz ChMk0b\"><span class=\"ryNqvb\">&lt;&lt;Bol\u00edvar, en una carta escrita quan estava exiliat i la causa de la llibertat semblava estar perduda, va dir: &#8220;S&#8217;han esquin\u00e7at els vels. Hem vist la llum i no \u00e9s el nostre desig tornar a sumir-nos a la foscor&#8221;.<\/span><\/span> <span class=\"jCAhz ChMk0b\"><span class=\"ryNqvb\">A la nostra \u00e8poca s&#8217;han esquin\u00e7at novament els vels.<\/span><\/span> <span class=\"jCAhz ChMk0b\"><span class=\"ryNqvb\">Els milions d&#8217;habitants dels nostres pobles que han viscut i viuen en la pobresa m\u00e9s desesperant;<\/span><\/span> <span class=\"jCAhz ChMk0b\"><span class=\"ryNqvb\">els qui han patit i pateixen gana, injust\u00edcia social i ignor\u00e0ncia han vist un raig de llum, d&#8217;esperances d&#8217;una vida millor i m\u00e9s abundant per a ell mateix i per als seus fills.<\/span><\/span> <span class=\"jCAhz ChMk0b\"><span class=\"ryNqvb\">I no tenen cap intenci\u00f3 de tornar a sumir-se en la m\u00e9s completa foscor &gt;&gt;.<\/span><\/span><\/span><\/h2>\n<h3 style=\"text-align: center\"><span class=\"jCAhz ChMk0b\" style=\"color: #ff0000\"><span class=\"ryNqvb\"> (President John F.Kennedy)<\/span><\/span><\/h3>\n<p><iframe loading=\"lazy\" title=\"President Kennedy&#039;s Historic 1962 Visit to Mexico\" width=\"500\" height=\"281\" src=\"https:\/\/www.youtube.com\/embed\/BoBxLlCnRJ0?feature=oembed\" frameborder=\"0\" allow=\"accelerometer; autoplay; clipboard-write; encrypted-media; gyroscope; picture-in-picture; web-share\" referrerpolicy=\"strict-origin-when-cross-origin\" allowfullscreen><\/iframe><\/p>\n<h2 style=\"text-align: center\"><span class=\"jCAhz ChMk0b\" style=\"color: #0000ff\"><span class=\"ryNqvb\">\u201cBol\u00edvar, in a letter written while in exile and when the cause of liberty seemed lost, said: \u2018The veils have been torn away. We have seen the light, and it is not our desire to return to darkness.\u2019 In our time, the veils have been torn away again. The millions of people in our countries who have lived and continue to live in the most desperate poverty; those who have suffered and continue to suffer hunger, social injustice, and ignorance, have seen a ray of light, a glimmer of hope for a better and more abundant life for themselves and their children. And they have no intention whatsoever of returning to complete darkness.\u201d<\/span><\/span><\/h2>\n<h3 style=\"text-align: center\"><span class=\"jCAhz ChMk0b\" style=\"color: #ff0000\"><span class=\"ryNqvb\"> (President John F. Kennedy)<\/span><\/span><\/h3>\n<p><iframe loading=\"lazy\" title=\"June 29, 1962 - President John F. Kennedy Receives Keys to the City of Mexico\" width=\"500\" height=\"375\" src=\"https:\/\/www.youtube.com\/embed\/c3lh0cXI45M?feature=oembed\" frameborder=\"0\" allow=\"accelerometer; autoplay; clipboard-write; encrypted-media; gyroscope; picture-in-picture; web-share\" referrerpolicy=\"strict-origin-when-cross-origin\" allowfullscreen><\/iframe><\/p>\n<h2 style=\"text-align: center\"><span style=\"color: #0000ff\"><span class=\"jCAhz ChMk0b\"><span class=\"ryNqvb\">&lt;&lt;Cada viatge evidencia que els llatinoamericans, en la seva immensa majoria, estan disposats a treballar, a sacrificar-se, a lluitar si cal, a mantenir la pr\u00f2pia llibertat, ia construir societats que serveixin al benestar dels seus pobles.<\/span><\/span> <span class=\"jCAhz ChMk0b\"><span class=\"ryNqvb\">\u00danicament no tenen mitjans per construir un hemisferi on es puguin trobar assegurances i lliures.<\/span><\/span> <span class=\"jCAhz ChMk0b\"><span class=\"ryNqvb\">Saben que tenen la responsabilitat fonamental del seu progr\u00e9s i benestar, per\u00f2 les recepcions de qu\u00e8 hem estat objecte a Costa Rica, M\u00e8xic, Vene\u00e7uela i Col\u00f2mbia, demostren que tamb\u00e9 all\u00e0 saben que nosaltres, als Estats Units, avui ens preocupem dels seus problemes, i que farem tot el que estigui de la nostra part per ajudar-los en els seus esfor\u00e7os.<\/span><\/span> <span class=\"jCAhz ChMk0b\"><span class=\"ryNqvb\">Per totes aquestes raons, he tornat de Sant Josep amb la confian\u00e7a creixent que viurem en un hemisferi d&#8217;amics lleials i ferms&gt;&gt;.<\/span><\/span><\/span><\/h2>\n<h3 style=\"text-align: center\"><span class=\"jCAhz ChMk0b\" style=\"color: #ff0000\"><span class=\"ryNqvb\"> (President John F.Kennedy, Confer\u00e8ncia de Premsa, 21 de mar\u00e7 de 1963).<\/span><\/span><\/h3>\n<div class=\"AxqVh\">\n<div class=\"OPPzxe\">\n<div class=\"QcsUad BDJ8fb BLojaf sMVRZe hCXDsb wneUed\"><\/div>\n<\/div>\n<\/div>\n<p><iframe loading=\"lazy\" title=\"KENNEDY EN BOGOTA - ALIANZA PARA EL PROGRESO 1961\" width=\"500\" height=\"281\" src=\"https:\/\/www.youtube.com\/embed\/Ag7RXjNxF04?feature=oembed\" frameborder=\"0\" allow=\"accelerometer; autoplay; clipboard-write; encrypted-media; gyroscope; picture-in-picture; web-share\" referrerpolicy=\"strict-origin-when-cross-origin\" allowfullscreen><\/iframe><\/p>\n<h2><span class=\"jCAhz ChMk0b\" style=\"color: #0000ff\"><span class=\"ryNqvb\">\u201cEach trip demonstrates that the vast majority of Latin Americans are willing to work, to sacrifice, to fight if necessary, to maintain their own freedom, and to build societies that serve the well-being of their people. They simply lack the means to build a hemisphere where they can be safe and free. They know that they bear the fundamental responsibility for their progress and well-being, but the receptions we have received in Costa Rica, Mexico, Venezuela, and Colombia demonstrate that they, too, know that we in the United States are concerned about their problems and that we will do everything in our power to help them in their efforts. For all these reasons, I have returned from San Jos\u00e9 with the growing confidence that we will live in a hemisphere of loyal and steadfast friends.\u201d<\/span><\/span><\/h2>\n<h3 style=\"text-align: center\"><span class=\"jCAhz ChMk0b\" style=\"color: #ff0000\"><span class=\"ryNqvb\"> (President John F. Kennedy, Press Conference, March 21, 1963)<\/span><\/span><\/h3>\n<div><\/div>\n<h1><span style=\"color: #800080\">&#8212;&#8212;&#8212;&#8212;&#8212;&#8212;&#8212;&#8212;&#8212;&#8212;&#8212;&#8212;&#8212;&#8212;&#8212;&#8212;&#8212;&#8212;&#8212;&#8212;&#8212;&#8212;&#8212;<\/span><\/h1>\n<div class=\"AxqVh\">\n<div class=\"OPPzxe\">\n<div class=\"QcsUad BDJ8fb BLojaf sMVRZe hCXDsb wneUed\">\n<div class=\"usGWQd\">\n<div class=\"KkbLmb\">\n<div class=\"UdTY9 WdefRb\" aria-hidden=\"true\" data-location=\"2\">\n<h1 class=\"kO6q6e\" style=\"text-align: center\"><span style=\"color: #ff0000\">LA FRASE<\/span><\/h1>\n<\/div>\n<p>&nbsp;<\/p>\n<div class=\"XL3Kf XExWNc\">\n<div class=\"a8FIud X0rvP\">\n<div data-show-delay-ms=\"250\" data-append-to-body=\"false\" data-propagate-tooltip-mouseover-events=\"true\" data-anchor-corner=\"bottom-end\" data-enable-skip-handler=\"true\" data-popup-corner=\"top-end\">\n<h2 class=\"dig2sb\" style=\"text-align: center\"><strong><span style=\"color: #ff00ff\">&#8220;La meva vida de nena pot semblar espantosa, per\u00f2 era bella&#8230; Vaig passar gana&#8230; Vaig passar fred&#8230; Per\u00f2 era lliure&#8230;. Lliure de no aixecar-me&#8230; De no ficar-me al llit&#8230; D&#8217;emborratxar-me&#8230; De somiar&#8230; D&#8217;esperar.&#8221;<\/span><\/strong><\/h2>\n<\/div>\n<\/div>\n<p>&nbsp;<\/p>\n<div class=\"a8FIud X0rvP\">\n<p>&nbsp;<\/p>\n<h2 style=\"text-align: center\"><strong><span style=\"color: #ff00ff\">\u201cMi vida de ni\u00f1a puede parecer espantosa, pero era hermosa\u2026 Pas\u00e9 hambre\u2026 Pas\u00e9 fr\u00edo\u2026 Pero era libre\u2026 Libre de no levantarme\u2026 De no acercarme\u2026 De emborracharme\u2026 De so\u00f1ar\u2026 De esperar.\u201d<\/span><\/strong><\/h2>\n<\/div>\n<\/div>\n<p>&nbsp;<\/p>\n<\/div>\n<\/div>\n<\/div>\n<\/div>\n<\/div>\n<div><\/div>\n<h2 style=\"text-align: center\"><strong><span style=\"color: #ff00ff\">&#8220;My life as a girl may seem scary, but it was beautiful&#8230; I was hungry&#8230; I was cold&#8230; But I was free&#8230;. Free not to get up&#8230; Not to lie down&#8230; To get drunk&#8230; To dream&#8230; To wait.&#8221;<\/span><\/strong><\/h2>\n<p>&nbsp;<\/p>\n<h1 style=\"text-align: center\"><span style=\"color: #ff0000\">Edith Piaf<\/span><\/h1>\n<p><a href=\"https:\/\/i0.wp.com\/blogs.elpunt.cat\/enricfigueras\/files\/2026\/02\/Piaf1-726x486-1.jpg?ssl=1\"><img data-recalc-dims=\"1\" loading=\"lazy\" decoding=\"async\" data-attachment-id=\"16962\" data-permalink=\"https:\/\/blogs.elpunt.cat\/enricfigueras\/2026\/03\/02\/el-president-kennedy-visita-costa-rica-i-mexic-per-la-justicia-social-el-progres-i-la-pau\/piaf1-726x486\/\" data-orig-file=\"https:\/\/i0.wp.com\/blogs.elpunt.cat\/enricfigueras\/files\/2026\/02\/Piaf1-726x486-1.jpg?fit=726%2C486&amp;ssl=1\" data-orig-size=\"726,486\" data-comments-opened=\"0\" data-image-meta=\"{&quot;aperture&quot;:&quot;0&quot;,&quot;credit&quot;:&quot;&quot;,&quot;camera&quot;:&quot;&quot;,&quot;caption&quot;:&quot;&quot;,&quot;created_timestamp&quot;:&quot;0&quot;,&quot;copyright&quot;:&quot;&quot;,&quot;focal_length&quot;:&quot;0&quot;,&quot;iso&quot;:&quot;0&quot;,&quot;shutter_speed&quot;:&quot;0&quot;,&quot;title&quot;:&quot;&quot;,&quot;orientation&quot;:&quot;0&quot;}\" data-image-title=\"Piaf1-726&amp;#215;486\" data-image-description=\"\" data-image-caption=\"\" data-medium-file=\"https:\/\/i0.wp.com\/blogs.elpunt.cat\/enricfigueras\/files\/2026\/02\/Piaf1-726x486-1.jpg?fit=600%2C402&amp;ssl=1\" data-large-file=\"https:\/\/i0.wp.com\/blogs.elpunt.cat\/enricfigueras\/files\/2026\/02\/Piaf1-726x486-1.jpg?fit=726%2C486&amp;ssl=1\" class=\"size-medium wp-image-16962 aligncenter\" src=\"https:\/\/i0.wp.com\/blogs.elpunt.cat\/enricfigueras\/files\/2026\/02\/Piaf1-726x486-1.jpg?resize=600%2C402&#038;ssl=1\" alt=\"\" width=\"600\" height=\"402\" srcset=\"https:\/\/i0.wp.com\/blogs.elpunt.cat\/enricfigueras\/files\/2026\/02\/Piaf1-726x486-1.jpg?resize=600%2C402&amp;ssl=1 600w, https:\/\/i0.wp.com\/blogs.elpunt.cat\/enricfigueras\/files\/2026\/02\/Piaf1-726x486-1.jpg?w=726&amp;ssl=1 726w\" sizes=\"auto, (max-width: 600px) 100vw, 600px\" \/><\/a><\/p>\n<div class=\"smW1Ld\">\n<div class=\"ewNYG X2OwRc cY5O7d\" aria-hidden=\"true\"><img decoding=\"async\" class=\"k8eIcb iNBnLb aligncenter\" src=\"https:\/\/encrypted-tbn2.gstatic.com\/faviconV2?url=https:\/\/www.makma.net&amp;client=VFE&amp;size=64&amp;type=FAVICON&amp;fallback_opts=TYPE,SIZE,URL&amp;nfrp=2\" alt=\"\" data-sz=\"64\" data-fbpc=\"tSCjad\" data-ilt=\"1772217701393\" \/><\/div>\n<h3 class=\"RorkHe KCmuYb dHZ7Be indIKd\" style=\"text-align: center\"><span class=\"BK5CCe sjVJQd\" style=\"color: #ff0000\">MAKMA<\/span><\/h3>\n<\/div>\n<p><iframe loading=\"lazy\" title=\"\u00c9dith Piaf - Une Dame - Subtitulado al Espa\u00f1ol\" width=\"500\" height=\"281\" src=\"https:\/\/www.youtube.com\/embed\/tdqzbVNZCZk?feature=oembed\" frameborder=\"0\" allow=\"accelerometer; autoplay; clipboard-write; encrypted-media; gyroscope; picture-in-picture; web-share\" referrerpolicy=\"strict-origin-when-cross-origin\" allowfullscreen><\/iframe><\/p>\n<div><\/div>\n<h1><span style=\"color: #3366ff\">&#8212;&#8212;&#8212;&#8212;&#8212;&#8212;&#8212;&#8212;&#8212;&#8212;&#8212;&#8212;&#8212;&#8212;&#8212;&#8212;&#8212;&#8212;&#8212;&#8212;&#8212;&#8212;&#8212;<\/span><\/h1>\n<h1 style=\"text-align: center\"><span style=\"color: #ff0000\">&#8216;Veus per a la pau&#8217;<\/span><\/h1>\n<h2 style=\"text-align: center\"><span style=\"color: #ff0000\">M\u00fasics Solidaris<\/span><\/h2>\n<p><iframe loading=\"lazy\" title=\"MOON RIVER. Henry Mancini.\" width=\"500\" height=\"281\" src=\"https:\/\/www.youtube.com\/embed\/3rmXWVZMrak?feature=oembed\" frameborder=\"0\" allow=\"accelerometer; autoplay; clipboard-write; encrypted-media; gyroscope; picture-in-picture; web-share\" referrerpolicy=\"strict-origin-when-cross-origin\" allowfullscreen><\/iframe><\/p>\n<h2 style=\"text-align: center\"><span style=\"color: #008000\">&#8216;Moon River&#8217;: Henry Mancini.<\/span><\/h2>\n<h2 style=\"text-align: center\"><span style=\"color: #008000\">Arranjament: Peter Hope.<\/span><\/h2>\n<h2 style=\"text-align: center\"><span style=\"color: #008000\">Orquestra i Cor de &#8216;Voces para la Paz&#8217; (M\u00fasics Solidaris)\u00a0<\/span><\/h2>\n<h2 style=\"text-align: center\"><span style=\"color: #008000\">Director: F\u00e9lix Redondo<\/span><\/h2>\n<p>&nbsp;<\/p>\n<h2 style=\"text-align: center\"><span class=\"jCAhz ChMk0b\" style=\"color: #339966\"><span class=\"ryNqvb\">&lt;Mentrestant, busquem refor\u00e7ar les Nacions Unides, ajudar-los a resoldre els seus problemes financers, a fer que siguin un instrument efica\u00e7 per a l&#8217;assoliment de la pau, i perqu\u00e8 siguin un veritable sistema de seguretat per a la pau mundial&#8230;, un sistema capa\u00e7 de resoldre les disputes sobre la base de la llei, un instrument que pugui garantir la seguretat dels grans i dels petits, i de crear condicions sota les quals, finalment, puguin ser abolits els armaments&gt;&gt;. (JFK).<\/span><\/span><\/h2>\n<p>&nbsp;<\/p>\n<h2 style=\"text-align: center\"><span style=\"color: #339966\"><span class=\"jCAhz ChMk0b\"><span class=\"ryNqvb\">&#8220;Meanwhile, we seek to strengthen the United Nations, to help it resolve its financial problems, to make it an effective instrument for achieving peace, and to make it a true security system for world peace&#8230; a system capable of settling disputes on the basis of law, an instrument that can guarantee the security of the great and the small, and of creating conditions under which armaments can finally be abolished.&#8221;<\/span><\/span> <span class=\"jCAhz ChMk0b\"><span class=\"ryNqvb\">(JFK).<\/span><\/span><\/span><\/h2>\n<p>&nbsp;<\/p>\n<h1 style=\"text-align: center\"><span style=\"color: #339966\">&#8212;&#8212;&#8212;&#8212;&#8212;&#8212;&#8212;&#8212;&#8212;&#8212;&#8212;&#8212;&#8212;&#8212;&#8212;&#8212;&#8212;&#8212;&#8212;&#8212;&#8212;&#8212;&#8212;-<\/span><\/h1>\n<p>&nbsp;<\/p>\n<div><\/div>\n<div><\/div>\n<div><\/div>\n<div><\/div>\n<div><\/div>\n<div><\/div>\n<div><\/div>\n<div><\/div>\n<div class=\"HWmS8\"><\/div>\n","protected":false},"excerpt":{"rendered":"<p>Amb anterioritat, el President John F.Kennedy, havia visitat Puerto Rico, Vene\u00e7uela i Col\u00f2mbia, seguint una pol\u00edtica de bon ve\u00efnatge i de progr\u00e9s mutu.\u00a0 &#8220;Aquesta esperan\u00e7a rau en qu\u00e8 existeixi un hemisferi on cada home tingui prou per menjar i oportunitat de treballar; on cada nen pugui estudiar i cada fam\u00edlia trobar un refugi decent. Tenim [&hellip;]<\/p>\n","protected":false},"author":19,"featured_media":0,"comment_status":"closed","ping_status":"closed","sticky":true,"template":"","format":"standard","meta":{"jetpack_post_was_ever_published":false,"_jetpack_newsletter_access":"","_jetpack_dont_email_post_to_subs":false,"_jetpack_newsletter_tier_id":0,"_jetpack_memberships_contains_paywalled_content":false,"_jetpack_memberships_contains_paid_content":false,"footnotes":"","jetpack_publicize_message":"","jetpack_publicize_feature_enabled":true,"jetpack_social_post_already_shared":true,"jetpack_social_options":{"image_generator_settings":{"template":"highway","default_image_id":0,"font":"","enabled":false},"version":2}},"categories":[1,62025],"tags":[33486,34836,33485,1094,10993,1216,698,765,2381,1279,777,1289,1879,11130,65352,591],"class_list":["post-16949","post","type-post","status-publish","format-standard","hentry","category-general","category-negociacio-i-pau","tag-armaments","tag-bolivar","tag-disputes","tag-fills","tag-injusticia","tag-john-f-kennedy","tag-llibertat","tag-lluitar","tag-nacions","tag-negre","tag-oportunitat","tag-pau","tag-pobresa","tag-problemes","tag-somiar","tag-vida"],"jetpack_publicize_connections":[],"jetpack_featured_media_url":"","jetpack_sharing_enabled":true,"jetpack_shortlink":"https:\/\/wp.me\/pagkjY-4pn","jetpack-related-posts":[],"_links":{"self":[{"href":"https:\/\/blogs.elpunt.cat\/enricfigueras\/wp-json\/wp\/v2\/posts\/16949","targetHints":{"allow":["GET"]}}],"collection":[{"href":"https:\/\/blogs.elpunt.cat\/enricfigueras\/wp-json\/wp\/v2\/posts"}],"about":[{"href":"https:\/\/blogs.elpunt.cat\/enricfigueras\/wp-json\/wp\/v2\/types\/post"}],"author":[{"embeddable":true,"href":"https:\/\/blogs.elpunt.cat\/enricfigueras\/wp-json\/wp\/v2\/users\/19"}],"replies":[{"embeddable":true,"href":"https:\/\/blogs.elpunt.cat\/enricfigueras\/wp-json\/wp\/v2\/comments?post=16949"}],"version-history":[{"count":16,"href":"https:\/\/blogs.elpunt.cat\/enricfigueras\/wp-json\/wp\/v2\/posts\/16949\/revisions"}],"predecessor-version":[{"id":16968,"href":"https:\/\/blogs.elpunt.cat\/enricfigueras\/wp-json\/wp\/v2\/posts\/16949\/revisions\/16968"}],"wp:attachment":[{"href":"https:\/\/blogs.elpunt.cat\/enricfigueras\/wp-json\/wp\/v2\/media?parent=16949"}],"wp:term":[{"taxonomy":"category","embeddable":true,"href":"https:\/\/blogs.elpunt.cat\/enricfigueras\/wp-json\/wp\/v2\/categories?post=16949"},{"taxonomy":"post_tag","embeddable":true,"href":"https:\/\/blogs.elpunt.cat\/enricfigueras\/wp-json\/wp\/v2\/tags?post=16949"}],"curies":[{"name":"wp","href":"https:\/\/api.w.org\/{rel}","templated":true}]}}