{"id":198,"date":"2017-08-18T14:09:43","date_gmt":"2017-08-18T14:09:43","guid":{"rendered":"http:\/\/blogs.elpunt.cat\/joaniglesis\/?p=198"},"modified":"2017-08-18T14:09:43","modified_gmt":"2017-08-18T14:09:43","slug":"a-sota-la-bandera","status":"publish","type":"post","link":"https:\/\/blogs.elpunt.cat\/joaniglesis\/2017\/08\/18\/a-sota-la-bandera\/","title":{"rendered":"A sota la bandera\u2026"},"content":{"rendered":"<p><a href=\"http:\/\/blogs.elpunt.cat\/joaniglesis\/files\/2017\/08\/20882825_10213289828981623_9147852771261536513_n.jpg\"><img loading=\"lazy\" decoding=\"async\" class=\"aligncenter size-full wp-image-192\" src=\"http:\/\/blogs.elpunt.cat\/joaniglesis\/files\/2017\/08\/20882825_10213289828981623_9147852771261536513_n.jpg\" alt=\"\" width=\"355\" height=\"355\" srcset=\"https:\/\/blogs.elpunt.cat\/joaniglesis\/files\/2017\/08\/20882825_10213289828981623_9147852771261536513_n.jpg 355w, https:\/\/blogs.elpunt.cat\/joaniglesis\/files\/2017\/08\/20882825_10213289828981623_9147852771261536513_n-150x150.jpg 150w, https:\/\/blogs.elpunt.cat\/joaniglesis\/files\/2017\/08\/20882825_10213289828981623_9147852771261536513_n-300x300.jpg 300w\" sizes=\"auto, (max-width: 355px) 100vw, 355px\" \/><\/a><\/p>\n<p>Nom\u00e9s vull recordar la m\u00fasica lleugera<br \/>\nDe la cobla encisant la terra encara entera.<br \/>\nVull saludar la sang i l\u2019or de la senyera,<br \/>\nBategada per la hist\u00f2ria mentidera.<br \/>\nPerqu\u00e8 la llibertat visqui plena i sincera<br \/>\nJo nom\u00e9s vull cantar a sota la bandera.<\/p>\n<p>Nom\u00e9s vull somniar a sota l\u2019olivera, \u00a0 \u00a0 \u00a0 \u00a0 \u00a0 \u00a0 \u00a0 \u00a0 \u00a0 \u00a0 \u00a0 \u00a0 \u00a0 \u00a0 \u00a0 \u00a0 \u00a0 \u00a0 \u00a0 \u00a0 \u00a0 \u00a0 \u00a0 \u00a0 \u00a0 \u00a0 \u00a0 \u00a0 \u00a0 \u00a0 \u00a0 \u00a0 \u00a0 \u00a0 \u00a0 \u00a0 Bressolat\u00a0 pels esclats de la \u00a0llum \u00a0jogassera. \u00a0 \u00a0 \u00a0 \u00a0 \u00a0 \u00a0 \u00a0 \u00a0 \u00a0 \u00a0 \u00a0 \u00a0 \u00a0 \u00a0 \u00a0 \u00a0 \u00a0 \u00a0 \u00a0 \u00a0 \u00a0 \u00a0 \u00a0 \u00a0 \u00a0 \u00a0 \u00a0 \u00a0 \u00a0 \u00a0 \u00a0 \u00a0 \u00a0 \u00a0 Vull encantar el vent bufant per la bosquera, \u00a0 \u00a0 \u00a0 \u00a0 \u00a0 \u00a0 \u00a0 \u00a0 \u00a0 \u00a0 \u00a0 \u00a0 \u00a0 \u00a0 \u00a0 \u00a0 \u00a0 \u00a0 \u00a0 \u00a0 \u00a0 \u00a0 \u00a0 \u00a0 \u00a0 \u00a0 \u00a0 \u00a0 \u00a0 \u00a0 \u00a0 \u00a0 \u00a0 Entendre el murmur\u00ed de la font fugissera. \u00a0 \u00a0 \u00a0 \u00a0 \u00a0 \u00a0 \u00a0 \u00a0 \u00a0 \u00a0 \u00a0 \u00a0 \u00a0 \u00a0 \u00a0 \u00a0 \u00a0 \u00a0 \u00a0 \u00a0 \u00a0 \u00a0 \u00a0 \u00a0 \u00a0 \u00a0 \u00a0 \u00a0 \u00a0 \u00a0 \u00a0 \u00a0 \u00a0 \u00a0 \u00a0 Perqu\u00e8 la llibertat visqui plena i sincera<br \/>\nJo nom\u00e9s vull cantar a sota la bandera.<\/p>\n<p>Nom\u00e9s vull ensumar la dol\u00e7a primavera<br \/>\nQuan desperta el fullam de l\u2019alzina surera.<br \/>\nVull sentir els obrers xiulant per la pedrera,<br \/>\nOir els nins cridant sobre la carretera.<br \/>\nPerqu\u00e8 la llibertat visqui plena i sincera<br \/>\nJo nom\u00e9s vull cantar a sota la bandera.<\/p>\n<p>Nom\u00e9s vull compartir una festa llunyera:<br \/>\nNit de Sant Joan a prop d\u2019una jove estrangera.<br \/>\nVull reviure el caliu de l\u2019amistat sencera<br \/>\nDe companys i d\u2019amors perduts per la sendera. \u00a0 \u00a0 \u00a0 \u00a0 \u00a0 \u00a0 \u00a0 \u00a0 \u00a0 \u00a0 \u00a0 \u00a0 \u00a0 \u00a0 \u00a0 \u00a0 \u00a0 \u00a0 \u00a0 \u00a0 \u00a0 \u00a0 \u00a0 \u00a0 \u00a0 \u00a0 Perqu\u00e8 la llibertat visqui plena i sincera<br \/>\nJo nom\u00e9s vull cantar a sota la bandera.<\/p>\n<p>Nom\u00e9s vull escoltar la merla riallera \u00a0 \u00a0 \u00a0 \u00a0 \u00a0 \u00a0 \u00a0 \u00a0 \u00a0 \u00a0 \u00a0 \u00a0 \u00a0 \u00a0 \u00a0 \u00a0 \u00a0 \u00a0 \u00a0 \u00a0 \u00a0 \u00a0 \u00a0 \u00a0 \u00a0 \u00a0 \u00a0 \u00a0 \u00a0 \u00a0 \u00a0 \u00a0 \u00a0 \u00a0 \u00a0 \u00a0 \u00a0 \u00a0 \u00a0 \u00a0 \u00a0 Que es burla dels afanys de la vila feinera. \u00a0 \u00a0 \u00a0 \u00a0 \u00a0 \u00a0 \u00a0 \u00a0 \u00a0 \u00a0 \u00a0 \u00a0 \u00a0 \u00a0 \u00a0 \u00a0 \u00a0 \u00a0 \u00a0 \u00a0 \u00a0 \u00a0 \u00a0 \u00a0 \u00a0 \u00a0 \u00a0 \u00a0 \u00a0 \u00a0 \u00a0 \u00a0 \u00a0 \u00a0 Vull contemplar el rossinyol damunt la serra, \u00a0 \u00a0 \u00a0 \u00a0 \u00a0 \u00a0 \u00a0 \u00a0 \u00a0 \u00a0 \u00a0 \u00a0 \u00a0 \u00a0 \u00a0 \u00a0 \u00a0 \u00a0 \u00a0 \u00a0 \u00a0 \u00a0 \u00a0 \u00a0 \u00a0 \u00a0 \u00a0 \u00a0 \u00a0 \u00a0 \u00a0 Esborrant\u00a0 d\u2019un sol vol una mala frontera. \u00a0 \u00a0 \u00a0 \u00a0 \u00a0 \u00a0 \u00a0 \u00a0 \u00a0 \u00a0 \u00a0 \u00a0 \u00a0 \u00a0 \u00a0 \u00a0 \u00a0 \u00a0 \u00a0 \u00a0 \u00a0 \u00a0 \u00a0 \u00a0 \u00a0 \u00a0 \u00a0 \u00a0 \u00a0 \u00a0 \u00a0 \u00a0 \u00a0 \u00a0 \u00a0 Perqu\u00e8 la llibertat visqui plena i sincera \u00a0 \u00a0 \u00a0 \u00a0 \u00a0 \u00a0 \u00a0 \u00a0 \u00a0 \u00a0 \u00a0 \u00a0 \u00a0 \u00a0 \u00a0 \u00a0 \u00a0 \u00a0 \u00a0 \u00a0 \u00a0 \u00a0 \u00a0 \u00a0 \u00a0 \u00a0 \u00a0 \u00a0 \u00a0 \u00a0 \u00a0 \u00a0 \u00a0 \u00a0 \u00a0 \u00a0 \u00a0 Jo nom\u00e9s vull cantar a sota la bandera.<\/p>\n<p>Joan Iglesis<\/p>\n","protected":false},"excerpt":{"rendered":"<p>Nom\u00e9s vull recordar la m\u00fasica lleugera De la cobla encisant la terra encara entera. Vull saludar la sang i l\u2019or de la senyera, Bategada per la hist\u00f2ria mentidera. Perqu\u00e8 la llibertat visqui plena i sincera Jo nom\u00e9s vull cantar a &hellip; <a href=\"https:\/\/blogs.elpunt.cat\/joaniglesis\/2017\/08\/18\/a-sota-la-bandera\/\">Continua llegint <span class=\"meta-nav\">&rarr;<\/span><\/a><\/p>\n","protected":false},"author":106,"featured_media":0,"comment_status":"open","ping_status":"closed","sticky":false,"template":"","format":"standard","meta":{"footnotes":""},"categories":[34],"tags":[],"class_list":["post-198","post","type-post","status-publish","format-standard","hentry","category-general"],"jetpack_featured_media_url":"","_links":{"self":[{"href":"https:\/\/blogs.elpunt.cat\/joaniglesis\/wp-json\/wp\/v2\/posts\/198","targetHints":{"allow":["GET"]}}],"collection":[{"href":"https:\/\/blogs.elpunt.cat\/joaniglesis\/wp-json\/wp\/v2\/posts"}],"about":[{"href":"https:\/\/blogs.elpunt.cat\/joaniglesis\/wp-json\/wp\/v2\/types\/post"}],"author":[{"embeddable":true,"href":"https:\/\/blogs.elpunt.cat\/joaniglesis\/wp-json\/wp\/v2\/users\/106"}],"replies":[{"embeddable":true,"href":"https:\/\/blogs.elpunt.cat\/joaniglesis\/wp-json\/wp\/v2\/comments?post=198"}],"version-history":[{"count":1,"href":"https:\/\/blogs.elpunt.cat\/joaniglesis\/wp-json\/wp\/v2\/posts\/198\/revisions"}],"predecessor-version":[{"id":199,"href":"https:\/\/blogs.elpunt.cat\/joaniglesis\/wp-json\/wp\/v2\/posts\/198\/revisions\/199"}],"wp:attachment":[{"href":"https:\/\/blogs.elpunt.cat\/joaniglesis\/wp-json\/wp\/v2\/media?parent=198"}],"wp:term":[{"taxonomy":"category","embeddable":true,"href":"https:\/\/blogs.elpunt.cat\/joaniglesis\/wp-json\/wp\/v2\/categories?post=198"},{"taxonomy":"post_tag","embeddable":true,"href":"https:\/\/blogs.elpunt.cat\/joaniglesis\/wp-json\/wp\/v2\/tags?post=198"}],"curies":[{"name":"wp","href":"https:\/\/api.w.org\/{rel}","templated":true}]}}