{"id":204,"date":"2019-11-04T22:41:44","date_gmt":"2019-11-04T22:41:44","guid":{"rendered":"http:\/\/blogs.elpunt.cat\/joaniglesis\/?p=204"},"modified":"2019-11-05T13:30:51","modified_gmt":"2019-11-05T13:30:51","slug":"groc-el-sete-disc-de-joan-llorenc-sole","status":"publish","type":"post","link":"https:\/\/blogs.elpunt.cat\/joaniglesis\/2019\/11\/04\/groc-el-sete-disc-de-joan-llorenc-sole\/","title":{"rendered":"&#8220;Groc&#8221;, el set\u00e8 disc de Joan Lloren\u00e7 Sol\u00e9&#8230;"},"content":{"rendered":"<p align=\"LEFT\"><strong><span style=\"color: #666666\"><span style=\"font-family: Open Sans, Helvetica\"><span style=\"font-size: medium\">Groc: el nou disc de Joan Lloren\u00e7\u00a0Sol\u00e9, cantant nord-catal\u00e0&#8230;<\/span><\/span><\/span><\/strong><span style=\"color: #666666\"><span style=\"font-family: Open Sans, Helvetica\"><span style=\"font-size: large\"><br \/>\n<\/span><\/span><\/span><em><span style=\"color: #666666\"><span style=\"font-family: Open Sans, Helvetica\"><span style=\"font-size: medium\">El seu set\u00e8\u00a0compact<\/span><\/span><\/span><span style=\"color: #666666\"><span style=\"font-family: Open Sans, Helvetica\"><span style=\"font-size: large\">\u00a0<\/span><\/span><\/span><span style=\"color: #666666\"><span style=\"font-family: Open Sans, Helvetica\"><span style=\"font-size: medium\">disc ser\u00e0 presentat el dissabte 16 de novembre, a les 19 h 30, a l&#8217;aula de les festes d&#8217;Elna.<\/span><\/span><\/span><\/em><\/p>\n<p align=\"LEFT\"><strong><span style=\"color: #666666\"><span style=\"font-family: Open Sans, Helvetica\"><span style=\"font-size: large\"><span style=\"font-size: medium\"><a href=\"http:\/\/blogs.elpunt.cat\/joaniglesis\/files\/2019\/11\/73388438_412328186343607_7503151593726935040_n.jpg\"><img loading=\"lazy\" decoding=\"async\" class=\"aligncenter size-full wp-image-205\" src=\"http:\/\/blogs.elpunt.cat\/joaniglesis\/files\/2019\/11\/73388438_412328186343607_7503151593726935040_n.jpg\" alt=\"\" width=\"678\" height=\"960\" srcset=\"https:\/\/blogs.elpunt.cat\/joaniglesis\/files\/2019\/11\/73388438_412328186343607_7503151593726935040_n.jpg 678w, https:\/\/blogs.elpunt.cat\/joaniglesis\/files\/2019\/11\/73388438_412328186343607_7503151593726935040_n-212x300.jpg 212w\" sizes=\"auto, (max-width: 678px) 100vw, 678px\" \/><\/a><\/span><\/span><\/span><\/span><\/strong><span style=\"color: #666666\"><span style=\"font-family: Open Sans, Helvetica\"><span style=\"font-size: medium\">Despr\u00e9s de quatre anys d&#8217;abs\u00e8ncia, l&#8217;artista nord-catal\u00e0 Joan Lloren\u00e7 Sol\u00e9<\/span><\/span><\/span><span style=\"color: #666666\"><span style=\"font-family: Open Sans, Helvetica\"><span style=\"font-size: large\">\u00a0<\/span><\/span><\/span><span style=\"color: #666666\"><span style=\"font-family: Open Sans, Helvetica\"><span style=\"font-size: medium\">realitza i produeix el seu set\u00e8\u00a0compact<\/span><\/span><\/span><span style=\"color: #666666\"><span style=\"font-family: Open Sans, Helvetica\"><span style=\"font-size: large\">\u00a0<\/span><\/span><\/span><span style=\"color: #666666\"><span style=\"font-family: Open Sans, Helvetica\"><span style=\"font-size: medium\">disc, intitulat \u00abGroc \u00bb&#8230; Un nou opus que s&#8217;afegeix a les creacions i als testimoniatges musicals de la seva\u00a0questa. El disc va ser gravat a Estavar (Cerdanya), durant el mes d&#8217;abril passat.<\/span><\/span><\/span><span style=\"color: #666666\"><span style=\"font-family: Open Sans, Helvetica\"><span style=\"font-size: large\"><br \/>\n<\/span><\/span><\/span><span style=\"color: #666666\"><span style=\"font-family: Open Sans, Helvetica\"><span style=\"font-size: medium\">Estavar: \u00e9s en aquest poblet de Cerdanya, i m\u00e9s precisament al si del parc l&#8217;Escapade<\/span><\/span><\/span><span style=\"color: #666666\"><span style=\"font-family: Open Sans, Helvetica\"><span style=\"font-size: large\">\u00a0<\/span><\/span><\/span><span style=\"color: #666666\"><span style=\"font-family: Open Sans, Helvetica\"><span style=\"font-size: medium\">que el cantant t\u00e9 gust i joia de retrobar-se, d&#8217;escriure i de compondre can\u00e7ons.<\/span><\/span><\/span><span style=\"color: #666666\"><span style=\"font-family: Open Sans, Helvetica\"><span style=\"font-size: large\"><br \/>\n<\/span><\/span><\/span><span style=\"color: #666666\"><span style=\"font-family: Open Sans, Helvetica\"><span style=\"font-size: medium\">De fet, \u00e9s sense cap hesitaci\u00f3 que Joan Lloren\u00e7\u00a0Sol\u00e9<\/span><\/span><\/span><span style=\"color: #666666\"><span style=\"font-family: Open Sans, Helvetica\"><span style=\"font-size: large\">\u00a0<\/span><\/span><\/span><span style=\"color: #666666\"><span style=\"font-family: Open Sans, Helvetica\"><span style=\"font-size: medium\">va enregistrar, per segona vegada, en aquest espai de pau i de silenci, amb la companyia dels seus m\u00fasics.<\/span><\/span><\/span><strong><span style=\"color: #666666\"><span style=\"font-family: Open Sans, Helvetica\"><span style=\"font-size: large\"><br \/>\n<\/span><\/span><\/span><\/strong><span style=\"color: #666666\"><span style=\"font-family: Open Sans, Helvetica\"><span style=\"font-size: medium\">\u00abGroc\u00bb (en franc\u00e8s:\u00a0jaune) \u00e9s el t\u00edtol d&#8217;aquest nou \u00e0lbum, din\u00e0mic i ric de noves sonoritats. Una secci\u00f3 de coures, enfortida i enriquida amb les veus singulars d&#8217;Anne-Erell<\/span><\/span><\/span><span style=\"color: #666666\"><span style=\"font-family: Open Sans, Helvetica\"><span style=\"font-size: large\">\u00a0<\/span><\/span><\/span><span style=\"color: #666666\"><span style=\"font-family: Open Sans, Helvetica\"><span style=\"font-size: medium\">Tor i de\u00a0Betty<\/span><\/span><\/span><span style=\"color: #666666\"><span style=\"font-family: Open Sans, Helvetica\"><span style=\"font-size: large\">\u00a0<\/span><\/span><\/span><span style=\"color: #666666\"><span style=\"font-family: Open Sans, Helvetica\"><span style=\"font-size: medium\">Coll, recolzen el prop\u00f2sit de l&#8217;artista, i aix\u00f2 per primera vegada.<\/span><\/span><\/span><span style=\"color: #666666\"><span style=\"font-family: Open Sans, Helvetica\"><span style=\"font-size: large\"><br \/>\n<\/span><\/span><\/span><span style=\"color: #666666\"><span style=\"font-family: Open Sans, Helvetica\"><span style=\"font-size: medium\">Resulta que la veu calenta i emocionant del cantant bar\u00edton s&#8217;expressa de manera sincera i sencera.<\/span><\/span><\/span><strong><span style=\"color: #666666\"><span style=\"font-family: Open Sans, Helvetica\"><span style=\"font-size: large\"><br \/>\n<\/span><\/span><\/span><\/strong><span style=\"color: #666666\"><span style=\"font-family: Open Sans, Helvetica\"><span style=\"font-size: medium\">Entre els tretze t\u00edtols que compon el disc, Joan Lloren\u00e7\u00a0Sol\u00e9<\/span><\/span><\/span><span style=\"color: #666666\"><span style=\"font-family: Open Sans, Helvetica\"><span style=\"font-size: large\">\u00a0<\/span><\/span><\/span><span style=\"color: #666666\"><span style=\"font-family: Open Sans, Helvetica\"><span style=\"font-size: medium\">en firma vuit, i els signa amb aquesta passi\u00f3 que li permet valorar i posar endavant la seva cultura, el seu patrimoni, els seus amics, la seva vida.<\/span><\/span><\/span><span style=\"color: #666666\"><span style=\"font-family: Open Sans, Helvetica\"><span style=\"font-size: large\"><br \/>\n<\/span><\/span><\/span><span style=\"color: #666666\"><span style=\"font-family: Open Sans, Helvetica\"><span style=\"font-size: medium\">\u00abPloro endins\u00bb n&#8217;\u00e9s un exemple clarivident&#8230; Aquest t\u00edtol \u00e9s inspirat de la lletra oberta, escrita per Carme Forcadell, durant el seu tr\u00e0nsfert de la pres\u00f3 de Madrid a la pres\u00f3 de Figueres. S&#8217;ha hagut d&#8217;obtenir l&#8217;acord de la fam\u00edlia de Carme Forcadell, expresidenta del parlament de Catalunya, i avui dia, desgraciadament presonera pol\u00edtica, per elaborar aquesta can\u00e7\u00f3.<\/span><\/span><\/span><span style=\"color: #666666\"><span style=\"font-family: Open Sans, Helvetica\"><span style=\"font-size: large\"><br \/>\n<\/span><\/span><\/span><span style=\"color: #666666\"><span style=\"font-family: Open Sans, Helvetica\"><span style=\"font-size: medium\">La veu de Carme Forcadell, integrada a la can\u00e7\u00f3, li confereix tendresa i esperan\u00e7a.<\/span><\/span><\/span><strong><span style=\"color: #666666\"><span style=\"font-family: Open Sans, Helvetica\"><span style=\"font-size: large\"><span style=\"font-size: medium\"><a href=\"http:\/\/blogs.elpunt.cat\/joaniglesis\/files\/2019\/11\/JL_Sole_Photo_Presse_GROC_2019-683x1024.jpg\"><img loading=\"lazy\" decoding=\"async\" class=\"aligncenter size-large wp-image-206\" src=\"http:\/\/blogs.elpunt.cat\/joaniglesis\/files\/2019\/11\/JL_Sole_Photo_Presse_GROC_2019-683x1024-683x1024.jpg\" alt=\"\" width=\"584\" height=\"876\" srcset=\"https:\/\/blogs.elpunt.cat\/joaniglesis\/files\/2019\/11\/JL_Sole_Photo_Presse_GROC_2019-683x1024.jpg 683w, https:\/\/blogs.elpunt.cat\/joaniglesis\/files\/2019\/11\/JL_Sole_Photo_Presse_GROC_2019-683x1024-200x300.jpg 200w\" sizes=\"auto, (max-width: 584px) 100vw, 584px\" \/><\/a><\/span><\/span><\/span><\/span><\/strong><span style=\"color: #666666\"><span style=\"font-family: Open Sans, Helvetica\"><span style=\"font-size: medium\">\u00abEscrivim la hist\u00f2ria\u00bb i \u00abA sota la bandera\u00bb evoquen el lla\u00e7 groc, s\u00edmbol mateix de la democr\u00e0cia, i a m\u00e9s a m\u00e9s inspirador del t\u00edtol de l&#8217;\u00e0lbum.<\/span><\/span><\/span><strong><span style=\"color: #666666\"><span style=\"font-family: Open Sans, Helvetica\"><span style=\"font-size: large\"><br \/>\n<\/span><\/span><\/span><\/strong><span style=\"color: #666666\"><span style=\"font-family: Open Sans, Helvetica\"><span style=\"font-size: medium\">\u00abLa\u00a0listique\u00bb d&#8217;Albert\u00a0Bueno<\/span><\/span><\/span><span style=\"color: #666666\"><span style=\"font-family: Open Sans, Helvetica\"><span style=\"font-size: large\">\u00a0<\/span><\/span><\/span><span style=\"color: #666666\"><span style=\"font-family: Open Sans, Helvetica\"><span style=\"font-size: medium\">i \u00abEl meu pa\u00eds\u00bb de Teresa Rebull s\u00f3n cants reveladors de la relaci\u00f3 vernacular, que es porta a la terra maternal, i fins i tot ancestral. Una terra que ens cal ben sovint abandonar, encara que ens hi siguem per sempre i jamai visceralment arrelats.<\/span><\/span><\/span><strong><span style=\"color: #666666\"><span style=\"font-family: Open Sans, Helvetica\"><span style=\"font-size: large\"><br \/>\n<\/span><\/span><\/span><\/strong><span style=\"color: #666666\"><span style=\"font-family: Open Sans, Helvetica\"><span style=\"font-size: medium\">Amics de Joan Lloren\u00e7, Joan\u00a0Iglesis<\/span><\/span><\/span><span style=\"color: #666666\"><span style=\"font-family: Open Sans, Helvetica\"><span style=\"font-size: large\">\u00a0<\/span><\/span><\/span><span style=\"color: #666666\"><span style=\"font-family: Open Sans, Helvetica\"><span style=\"font-size: medium\">i\u00a0Enelji<\/span><\/span><\/span><span style=\"color: #666666\"><span style=\"font-family: Open Sans, Helvetica\"><span style=\"font-size: large\">\u00a0<\/span><\/span><\/span><span style=\"color: #666666\"><span style=\"font-family: Open Sans, Helvetica\"><span style=\"font-size: medium\">signen quatre textos originals.<\/span><\/span><\/span><span style=\"color: #666666\"><span style=\"font-family: Open Sans, Helvetica\"><span style=\"font-size: large\"><br \/>\n<\/span><\/span><\/span><span style=\"color: #666666\"><span style=\"font-family: Open Sans, Helvetica\"><span style=\"font-size: medium\">La Cerdanya, indret de predilecci\u00f3 de l&#8217;artista, es tradueix en \u00abLl\u00edvia\u00bb, enclavament singularment i pr\u00f2piament catal\u00e0, envoltat pel territori franc\u00e8s. Comparada a un c\u00e8lebre vilatge de la G\u00e0l.lia<\/span><\/span><\/span><span style=\"color: #666666\"><span style=\"font-family: Open Sans, Helvetica\"><span style=\"font-size: large\">\u00a0<\/span><\/span><\/span><span style=\"color: #666666\"><span style=\"font-family: Open Sans, Helvetica\"><span style=\"font-size: medium\">antiga, lluitant ferotgement contra l&#8217;invasor, Ll\u00edvia es presenta com la capital de la resist\u00e8ncia. I el vocable \u00ablliure\u00bb, qualificatiu que li escau, esdev\u00e9 el seu sobrenom, per\u00f2 m\u00e9s encara el seu nom ideal i universal.<\/span><\/span><\/span><span style=\"color: #666666\"><span style=\"font-family: Open Sans, Helvetica\"><span style=\"font-size: large\"><br \/>\n<\/span><\/span><\/span><span style=\"color: #666666\"><span style=\"font-family: Open Sans, Helvetica\"><span style=\"font-size: medium\">\u00c9s amb els seus amics del \u00abCochon<\/span><\/span><\/span><span style=\"color: #666666\"><span style=\"font-family: Open Sans, Helvetica\"><span style=\"font-size: large\">\u00a0<\/span><\/span><\/span><span style=\"color: #666666\"><span style=\"font-family: Open Sans, Helvetica\"><span style=\"font-size: medium\">Rouge\u00bb (\u00abEl porc roig\u00bb) que Joan Lloren\u00e7\u00a0Sol\u00e9<\/span><\/span><\/span><span style=\"color: #666666\"><span style=\"font-family: Open Sans, Helvetica\"><span style=\"font-size: large\">\u00a0<\/span><\/span><\/span><span style=\"color: #666666\"><span style=\"font-family: Open Sans, Helvetica\"><span style=\"font-size: medium\">organitza la presentaci\u00f3 del seu nou opus, el dissabte 16 de novembre, entorn d&#8217;una ollada preparada per\u00a0Franck<\/span><\/span><\/span><span style=\"color: #666666\"><span style=\"font-family: Open Sans, Helvetica\"><span style=\"font-size: large\">\u00a0<\/span><\/span><\/span><span style=\"color: #666666\"><span style=\"font-family: Open Sans, Helvetica\"><span style=\"font-size: medium\">Borelle, cuiner em\u00e8rit i gran amic de l&#8217;artista. A 19\u202fh 30, la sala de les festes d&#8217;Elna acollir\u00e0 els convidats, per assaborir un plat catal\u00e0, cuinat en marmites i cassoles, a la manera antiga i tradicional. A 21\u202fh, l&#8217;orquestra, format de nou m\u00fasics, animar\u00e0 la festa.<\/span><\/span><\/span><span style=\"color: #666666\"><span style=\"font-family: Open Sans, Helvetica\"><span style=\"font-size: large\"><br \/>\n<\/span><\/span><\/span><span style=\"color: #666666\"><span style=\"font-family: Open Sans, Helvetica\"><span style=\"font-size: medium\">El conjunt de l&#8217;associaci\u00f3 \u00abTradicions Catalanes\u00bb us convida a una vesprada d&#8217;amistat i de conviv\u00e8ncia.<\/span><\/span><\/span><span style=\"color: #666666\"><span style=\"font-family: Open Sans, Helvetica\"><span style=\"font-size: large\"><br \/>\n<\/span><\/span><\/span><span style=\"color: #666666\"><span style=\"font-family: Open Sans, Helvetica\"><span style=\"font-size: medium\">Per inscriure&#8217;s i reservar, es prega de trucar al 07 83 82 14 13. Preu individual de la inscripci\u00f3: 12 \u20ac.<\/span><\/span><\/span><\/p>\n<p align=\"LEFT\"><span style=\"color: #666666\"><span style=\"font-family: Open Sans, Helvetica\"><span style=\"font-size: medium\">Joan iglesis<\/span><\/span><\/span><\/p>\n","protected":false},"excerpt":{"rendered":"<p>Groc: el nou disc de Joan Lloren\u00e7\u00a0Sol\u00e9, cantant nord-catal\u00e0&#8230; El seu set\u00e8\u00a0compact\u00a0disc ser\u00e0 presentat el dissabte 16 de novembre, a les 19 h 30, a l&#8217;aula de les festes d&#8217;Elna. Despr\u00e9s de quatre anys d&#8217;abs\u00e8ncia, l&#8217;artista nord-catal\u00e0 Joan Lloren\u00e7 Sol\u00e9\u00a0realitza &hellip; <a href=\"https:\/\/blogs.elpunt.cat\/joaniglesis\/2019\/11\/04\/groc-el-sete-disc-de-joan-llorenc-sole\/\">Continua llegint <span class=\"meta-nav\">&rarr;<\/span><\/a><\/p>\n","protected":false},"author":106,"featured_media":0,"comment_status":"open","ping_status":"closed","sticky":false,"template":"","format":"standard","meta":{"footnotes":""},"categories":[34],"tags":[],"class_list":["post-204","post","type-post","status-publish","format-standard","hentry","category-general"],"jetpack_featured_media_url":"","_links":{"self":[{"href":"https:\/\/blogs.elpunt.cat\/joaniglesis\/wp-json\/wp\/v2\/posts\/204","targetHints":{"allow":["GET"]}}],"collection":[{"href":"https:\/\/blogs.elpunt.cat\/joaniglesis\/wp-json\/wp\/v2\/posts"}],"about":[{"href":"https:\/\/blogs.elpunt.cat\/joaniglesis\/wp-json\/wp\/v2\/types\/post"}],"author":[{"embeddable":true,"href":"https:\/\/blogs.elpunt.cat\/joaniglesis\/wp-json\/wp\/v2\/users\/106"}],"replies":[{"embeddable":true,"href":"https:\/\/blogs.elpunt.cat\/joaniglesis\/wp-json\/wp\/v2\/comments?post=204"}],"version-history":[{"count":5,"href":"https:\/\/blogs.elpunt.cat\/joaniglesis\/wp-json\/wp\/v2\/posts\/204\/revisions"}],"predecessor-version":[{"id":211,"href":"https:\/\/blogs.elpunt.cat\/joaniglesis\/wp-json\/wp\/v2\/posts\/204\/revisions\/211"}],"wp:attachment":[{"href":"https:\/\/blogs.elpunt.cat\/joaniglesis\/wp-json\/wp\/v2\/media?parent=204"}],"wp:term":[{"taxonomy":"category","embeddable":true,"href":"https:\/\/blogs.elpunt.cat\/joaniglesis\/wp-json\/wp\/v2\/categories?post=204"},{"taxonomy":"post_tag","embeddable":true,"href":"https:\/\/blogs.elpunt.cat\/joaniglesis\/wp-json\/wp\/v2\/tags?post=204"}],"curies":[{"name":"wp","href":"https:\/\/api.w.org\/{rel}","templated":true}]}}