{"id":213,"date":"2019-11-19T16:45:46","date_gmt":"2019-11-19T16:45:46","guid":{"rendered":"http:\/\/blogs.elpunt.cat\/joaniglesis\/?p=213"},"modified":"2019-11-29T13:03:24","modified_gmt":"2019-11-29T13:03:24","slug":"presentacio-de-groc-el-sete-album-de-joan-llorenc-sole-i-elna-es-vesteix-sobtadament-de-sang-i-dor","status":"publish","type":"post","link":"https:\/\/blogs.elpunt.cat\/joaniglesis\/2019\/11\/19\/presentacio-de-groc-el-sete-album-de-joan-llorenc-sole-i-elna-es-vesteix-sobtadament-de-sang-i-dor\/","title":{"rendered":"Presentaci\u00f3 de &#8220;Groc&#8221;, el set\u00e8 \u00e0lbum de Joan Lloren\u00e7 Sol\u00e9&#8230; I Elna es vesteix sobtadament de sang i d&#8217;or!&#8230;"},"content":{"rendered":"<p align=\"LEFT\"><a href=\"http:\/\/blogs.elpunt.cat\/joaniglesis\/files\/2019\/11\/photos_concert_2.jpg\"><img loading=\"lazy\" decoding=\"async\" class=\"aligncenter size-large wp-image-214\" src=\"http:\/\/blogs.elpunt.cat\/joaniglesis\/files\/2019\/11\/photos_concert_2-1024x724.jpg\" alt=\"\" width=\"584\" height=\"413\" srcset=\"https:\/\/blogs.elpunt.cat\/joaniglesis\/files\/2019\/11\/photos_concert_2-1024x724.jpg 1024w, https:\/\/blogs.elpunt.cat\/joaniglesis\/files\/2019\/11\/photos_concert_2-300x212.jpg 300w, https:\/\/blogs.elpunt.cat\/joaniglesis\/files\/2019\/11\/photos_concert_2-768x543.jpg 768w, https:\/\/blogs.elpunt.cat\/joaniglesis\/files\/2019\/11\/photos_concert_2-424x300.jpg 424w\" sizes=\"auto, (max-width: 584px) 100vw, 584px\" \/><\/a><\/p>\n<p align=\"LEFT\"><span style=\"color: #666666\"><span style=\"font-family: Times New Roman, serif\"><span style=\"font-size: large\">H<\/span><\/span><\/span><span style=\"color: #666666\"><span style=\"font-family: Times New Roman, serif\"><span style=\"font-size: medium\">i havia gent, for\u00e7a gent, dissabte 16 de novembre passat, sala de les festes d&#8217;Elna&#8230; Aires, accents i anhels d&#8217;esperan\u00e7a i de llibertat, continguts, emper\u00f2 vius i vivificatius, sorollaven entre les taules dels convidats, vinguts nombrosos per assistir a la presentaci\u00f3 de \u00abGroc\u00bb, el set\u00e8 C.D de Joan Lloren\u00e7 Sol\u00e9, autor, compositor i int\u00e8rpret talent\u00f3s, molt conegut i estimat de la poblaci\u00f3 illiberiana&#8230;<\/span><\/span><\/span><\/p>\n<p>Aquest nou opus es presenta d&#8217;antuvi com una proesa t\u00e8cnica: gravant el CD l&#8217;abril passat, al parc residencial i de lleures \u00abl&#8217;Escapade\u00bb, a Estavar, els artesans del projecte van haver d&#8217;instal\u00b7lar, a saber de crear un estudio a dintre del municipi de Cerdanya, i de fet de traslladar els instruments, els aparells de sonoritzaci\u00f3, els m\u00fasics i els t\u00e8cnics per infantar \u00abGroc\u00bb, el color del lla\u00e7 que testimonia de la injust\u00edcia que molesta d&#8217;en\u00e7\u00e0 de m\u00e9s de dos anys gaireb\u00e9 20 persones, ciutadanes sud-catalanes, unilateralment i desgraciadament condemnades per algunes a la pres\u00f3, per altres a l&#8217;exili&#8230;<\/p>\n<p>\u00c9s tot pensant a aquests homes i a aquestes dones, que no han mai com\u00e8s ni un crim, ni un delicte, per\u00f2 que es troben nogensmenys iniquament i absurdament condemnats per haver fet estat i mostra de les seves opinions, a desgrat de la coher\u00e8ncia i de la pertin\u00e8ncia dels c\u00e0rrecs professionals, socials i associatius que fan part integrant de llur vida quotidiana que Joan Lloren\u00e7\u00a0Sol\u00e9\u00a0ha concebut \u00abGroc\u00bb.<\/p>\n<p>L&#8217;\u00e0lbum s&#8217;inscriu, en el tr\u00e0mit de l&#8217;artista, tal com un acte din\u00e0mic i infinitament ric de noves sonoritats. Beneficia d&#8217;una secci\u00f3 de coures, enfortida i enriquida amb les veus singulars d&#8217;Anne-Erell\u00a0Tor i de\u00a0Betty\u00a0Coll. Les tessitures de les cantants espatllen l&#8217;artista. Resulta que la veu calenta i emocionant del bar\u00edton, J.L.\u00a0Sol\u00e9\u00a0s&#8217;expressa de manera sincera i sencera.<\/p>\n<p align=\"LEFT\"><span style=\"color: #666666\"><span style=\"font-family: Times New Roman, serif\"><span style=\"font-size: medium\">Entre els tretze t\u00edtols que compon el disc, Joan Lloren\u00e7\u00a0Sol\u00e9\u00a0en firma vuit, i els signa amb aquesta passi\u00f3 que li permet valorar i posar endavant la seva cultura, el seu patrimoni, els seus amics, la seva vida.<br \/>\n\u00abPloro endins\u00bb- escrit pel seu amic\u00a0Enelji\u00a0&#8211; n&#8217;\u00e9s un exemple clarivident&#8230; Aquest t\u00edtol \u00e9s inspirat per la lletra oberta, redactada per Carme Forcadell, durant el seu tr\u00e0nsfert de la pres\u00f3 de Madrid a la pres\u00f3 de Figueres. S&#8217;ha hagut d&#8217;obtenir l&#8217;acord de la fam\u00edlia de Carme Forcadell, expresidenta del parlament de Catalunya, i avui dia, desgraciadament presonera pol\u00edtica, per elaborar aquesta can\u00e7\u00f3. La\u00a0veu de Carme Forcadell, integrada a la can\u00e7\u00f3, li confereix tendresa i esperan\u00e7a.<\/span><\/span><\/span><\/p>\n<p>\u00abEscrivim la hist\u00f2ria\u00bb evoca el lla\u00e7 groc, s\u00edmbol mateix de la democr\u00e0cia, i a m\u00e9s a m\u00e9s vector inspirador del t\u00edtol de l&#8217;\u00e0lbum.<br \/>\n\u00abLa\u00a0listique\u00bb d&#8217;Albert\u00a0Bueno\u00a0i \u00abEl meu pa\u00eds\u00bb de Teresa Rebull (text de Miquel Mart\u00ed i Pol \u2013 acompanyat per l&#8217;il\u00b7lustre\u00a0Jo\u00a0Biskut, al piano) s\u00f3n cants reveladors de la relaci\u00f3 vernacular que es porta a la terra maternal, i fins i tot ancestral. Una terra que ens cal ben sovint abandonar, encara que ens hi siguem per sempre i jamai visceralment arrelats.<\/p>\n<p>La Cerdanya, comarca de predilecci\u00f3 de l&#8217;artista, es tradueix en \u00abLl\u00edvia\u00bb, enclavament hist\u00f2ricament i\u00a0extraordin\u00e0riament\u00a0catal\u00e0, envoltat pel territori franc\u00e8s. Comparada a un c\u00e8lebre vilatge de la\u00a0G\u00e0l.lia\u00a0antiga, que lluita ferotgement contra l&#8217;invasor, Ll\u00edvia es presenta tal com la capital de la resist\u00e8ncia. I el vocable \u00ablliure\u00bb, qualificatiu que li escau, esdev\u00e9 el seu sobrenom, per\u00f2 m\u00e9s encara el seu nom ideal i universal.<\/p>\n<p>Ultra l&#8217;adaptaci\u00f3 feli\u00e7 de \u00abBella\u00a0Ciao\u00bb (cant revolucionari itali\u00e0, nascut durant la segona guerra\u00a0mundia,l\u00a0en oposici\u00f3 marcada als r\u00e8gims feixistes i nazis creixent i dominants), J.L.\u00a0Sol\u00e9\u00a0torna a visitar \u00abParlem catal\u00e0 (lletra de Joan\u00a0Cayrol\u00a0i m\u00fasica de Jordi Barre) pe\u00e7a intima i pregona que tots els nord-catalans cantussegen avui dia&#8230; La identitat de l&#8217;artista es revela a la llum d&#8221;Elna\u00bb, vila de la qual J.L.\u00a0Sol\u00e9\u00a0n&#8217;\u00e9s un nen reconeixent, i a m\u00e9s als ritmes i a les paraules ir\u00f2niques de&#8221;No volem ser occitans\u00bb, reacci\u00f3 a una adhesi\u00f3 no consentida, per\u00f2 for\u00e7ada a un nou territori franc\u00e8s, no desitjat i indesitjable&#8230; \u00abElna\u00bb, \u00abA sota la bandera\u00bb i \u00abNo volem ser occitans\u00bb testimonien de la cooperaci\u00f3 entre J.L.\u00a0Sol\u00e9\u00a0i Joan\u00a0Iglesis, poeta i amic fidel&#8230;<\/p>\n<p>L&#8217;ancoratge sardanista del cantant es manifesta a trav\u00e9s dos cants populars l&#8217;un religi\u00f3s, l&#8217;altre nacionalista. L&#8217;encadenament de \u00ab\u00c9s la moreneta\u00bb (Antoni\u00a0Corcell\u00e9\u00a0i Tosca) amb \u00abLa santa espina\u00bb (Lletra d&#8217;\u00c0ngel Guimer\u00e0 \u2013 M\u00fasica d&#8217;Enric Morera) lliguen l&#8217;\u00e0lbum a la superviv\u00e8ncia catalanista de la cultura, de la poesia i de la can\u00e7\u00f3 de terra nostra.<\/p>\n<p>\u00c9s amb els seus amics del \u00abCochon\u00a0Rouge\u00bb (\u00abEl porc roig\u00bb) que Joan Lloren\u00e7\u00a0Sol\u00e9\u00a0va organitzar la presentaci\u00f3 del seu nou opus, el dissabte 16 de novembre passat\u00a0,\u00a0entorn d&#8217;una ollada preparada per\u00a0Franck\u00a0Borelle, cuiner em\u00e8rit i gran amic de l&#8217;artista. Els participants van assaborir un plat catal\u00e0, cuinat en marmites i cassoles, a la manera antiga i tradicional. Un \u00e0pat que va escalfar el ventre, el cor i l&#8217;esperit de cada u, en tota convivialitat, i sota la llum de la fraternitat&#8230;<\/p>\n<p>L&#8217;associaci\u00f3 &#8216;Tradicions catalanes\u00bb regracia molt atentament i cordialment el Consell Departemental del Pirineu Oriental, la Vila d&#8217;Elna, la Setmana del Rossell\u00f3, els amics del Treballador Catal\u00e0, Delmas M\u00fasica, la societat \u00abKerosc\u00e8ne\u00bb, R\u00e0dio Arrels, el parc residencial i de lleures \u00abl&#8217;Escapade\u00bb, els Cavallers de la Confraria dels Companys d&#8217;antuvi, aix\u00ed com tots els ben\u00e8vols i amics, que van contribuir fortament a l&#8217;\u00e8xit d&#8217;aquesta manifestaci\u00f3, la qual s&#8217;afirma avui dia com at\u00edpica i memorable&#8230;<\/p>\n<p align=\"LEFT\"><span style=\"color: #262626\"><span style=\"font-family: Times New Roman, serif\"><span style=\"font-size: medium\">Joan Iglesis<\/span><\/span><\/span><\/p>\n<p align=\"LEFT\"><span style=\"color: #262626\"><span style=\"font-family: Times New Roman, serif\"><span style=\"font-size: medium\">Per obtenir \u00abGroc\u00bb, el C-D de Joan Lloren\u00e7\u00a0Sol\u00e9\u00a0<\/span><\/span><\/span><span style=\"color: #666666\"><span style=\"font-family: Times New Roman, serif\"><span style=\"font-size: medium\">,<br \/>\n-contacteu \u00abTradicions catalanes\u00bb al 07 83 82 14 13<\/span><\/span><\/span><span style=\"color: #262626\"><span style=\"font-family: Times New Roman, serif\"><span style=\"font-size: medium\"><br \/>\n-o apropeu-vos de la \u00abLlibreria catalana\u00bb,7 Pla\u00e7a Joan\u00a0Payra,<br \/>\n66000 Perpiny\u00e0 (Tel: 04 68 34 33 74)<\/span><\/span><\/span><\/p>\n","protected":false},"excerpt":{"rendered":"<p>Hi havia gent, for\u00e7a gent, dissabte 16 de novembre passat, sala de les festes d&#8217;Elna&#8230; Aires, accents i anhels d&#8217;esperan\u00e7a i de llibertat, continguts, emper\u00f2 vius i vivificatius, sorollaven entre les taules dels convidats, vinguts nombrosos per assistir a la &hellip; <a href=\"https:\/\/blogs.elpunt.cat\/joaniglesis\/2019\/11\/19\/presentacio-de-groc-el-sete-album-de-joan-llorenc-sole-i-elna-es-vesteix-sobtadament-de-sang-i-dor\/\">Continua llegint <span class=\"meta-nav\">&rarr;<\/span><\/a><\/p>\n","protected":false},"author":106,"featured_media":0,"comment_status":"open","ping_status":"closed","sticky":false,"template":"","format":"standard","meta":{"footnotes":""},"categories":[34],"tags":[],"class_list":["post-213","post","type-post","status-publish","format-standard","hentry","category-general"],"jetpack_featured_media_url":"","_links":{"self":[{"href":"https:\/\/blogs.elpunt.cat\/joaniglesis\/wp-json\/wp\/v2\/posts\/213","targetHints":{"allow":["GET"]}}],"collection":[{"href":"https:\/\/blogs.elpunt.cat\/joaniglesis\/wp-json\/wp\/v2\/posts"}],"about":[{"href":"https:\/\/blogs.elpunt.cat\/joaniglesis\/wp-json\/wp\/v2\/types\/post"}],"author":[{"embeddable":true,"href":"https:\/\/blogs.elpunt.cat\/joaniglesis\/wp-json\/wp\/v2\/users\/106"}],"replies":[{"embeddable":true,"href":"https:\/\/blogs.elpunt.cat\/joaniglesis\/wp-json\/wp\/v2\/comments?post=213"}],"version-history":[{"count":2,"href":"https:\/\/blogs.elpunt.cat\/joaniglesis\/wp-json\/wp\/v2\/posts\/213\/revisions"}],"predecessor-version":[{"id":219,"href":"https:\/\/blogs.elpunt.cat\/joaniglesis\/wp-json\/wp\/v2\/posts\/213\/revisions\/219"}],"wp:attachment":[{"href":"https:\/\/blogs.elpunt.cat\/joaniglesis\/wp-json\/wp\/v2\/media?parent=213"}],"wp:term":[{"taxonomy":"category","embeddable":true,"href":"https:\/\/blogs.elpunt.cat\/joaniglesis\/wp-json\/wp\/v2\/categories?post=213"},{"taxonomy":"post_tag","embeddable":true,"href":"https:\/\/blogs.elpunt.cat\/joaniglesis\/wp-json\/wp\/v2\/tags?post=213"}],"curies":[{"name":"wp","href":"https:\/\/api.w.org\/{rel}","templated":true}]}}