{"id":22,"date":"2011-08-29T08:31:09","date_gmt":"2011-08-29T08:31:09","guid":{"rendered":"http:\/\/blogs.elpunt.cat\/joaniglesis\/?p=22"},"modified":"2011-08-29T08:50:23","modified_gmt":"2011-08-29T08:50:23","slug":"amb-la-seva-pel-licula-%c2%ab%c2%a0pa-negre%c2%a0%c2%bb-agusti-villaronga-ofereix-la-seva-identitat-pregona-al-cinema-catala","status":"publish","type":"post","link":"https:\/\/blogs.elpunt.cat\/joaniglesis\/2011\/08\/29\/amb-la-seva-pel-licula-%c2%ab%c2%a0pa-negre%c2%a0%c2%bb-agusti-villaronga-ofereix-la-seva-identitat-pregona-al-cinema-catala\/","title":{"rendered":"Amb la seva pel.l\u00edcula \u00ab\u00a0Pa negre\u00a0\u00bb, Agust\u00ed Villaronga ofereix la seva identitat pregona al cinema  catal\u00e0"},"content":{"rendered":"<p><a href=\"http:\/\/blogs.elpunt.cat\/joaniglesis\/files\/2011\/06\/Agust\u00ed-Villaronga.jpg\"><img loading=\"lazy\" decoding=\"async\" src=\"http:\/\/blogs.elpunt.cat\/joaniglesis\/files\/2011\/06\/Agust\u00ed-Villaronga-300x225.jpg\" alt=\"\" width=\"300\" height=\"225\" \/><\/a>\u00a0<\/p>\n<p>Agust\u00ed Virallonga, director de cinema, presenta &#8220;Pa negre&#8221;<\/p>\n<p>Dissabte 20 d&#8217;agost, a fi de tarda, Agust\u00ed Villaronga, director de cinema, i Isona Passola, productora\u00a0, van presentar la seva pel.l\u00edcula\u00a0 \u00ab\u00a0Pa negre\u00a0\u00a0\u00bb al cinema \u00ab\u00a0el Castellet\u00a0\u00bb, amb motiu de la celebraci\u00f3 dels cent anys d&#8217;aquest monument perpinyan\u00e8s, testimoniant ell tot sol a trav\u00e9s generacions conven\u00e7udes de la voluntat, la feina i l&#8217;opiniatretat de la fam\u00edlia Font.<br \/>\n\u00ab\u00a0Pa negre\u00a0\u00bb, \u00e9s la hist\u00f2ria d&#8217;un infant (Andreu), enfrontat a les mentides i a les temptacions, per\u00f2 sobretot arrelat amb senceretat a valors tals com l&#8217;amistat, l&#8217;honestetat, l&#8217;amor filial, el sentit del deure i la protecci\u00f3 del medi familiar, que l&#8217;envolta i que l&#8217;integra.<br \/>\nA\u00efllat entre tots els protagonistes de la seva adolesc\u00e8ncia, Andreu haur\u00e0 d&#8217;encertar la seva veritat, \u00e9s a dir aquesta clau que li permetr\u00e0 cr\u00e8ixer.<br \/>\nDespr\u00e9s de moltes desil.lusions acumulades i de veritats imposades crualment, Andreu, enganyat, tra\u00eft i decebut, esdevindr\u00e0 un home.<br \/>\nOscillant al llarg de crisis interiors entre l&#8217;ideal i el pragmatisme, la consci\u00e8ncia d&#8217;Andreu acabar\u00e0 per tra\u00e7ar i afirmar la seva identitat pr\u00f2pia, passant al capdevall de l&#8217;estat de nin a la condici\u00f3 d&#8217;adult, per canviar finalment de cognom i de nom&#8230;<br \/>\nAdaptant a la pantalla tres novel.les de l&#8217;escriptor Emili Teixidor, \u00ab\u00a0Pa negre\u00a0\u00bb es presenta com una pel.l\u00edcula parab\u00f2lica, paradoxal i riqu\u00edssima, atestant de l&#8217;horror i de les exaccions de la guerra d&#8217;Espanya, i &#8211; anys despr\u00e9s &#8211; m\u00e9s durament i m\u00e9s durablement de les seves repercussions socials, humanes i psic\u00f2logiques&#8230;.<br \/>\nLa pregunta \u00e9s pregona, vigent i essencial no obstant\u00a0: \u00ab\u00a0Com un \u00e0ngel pot esdevenir un monstre\u00a0?&#8230;\u00a0\u00bb<br \/>\nLes met\u00e0fores, lligades a l&#8217;\u00e0mbit dels ocells i de la mitologia, en paral.lel al m\u00f3n dels homes, condueixen invariablement i ineluctablement l&#8217;Andreu cap a la seva concepci\u00f3 de la llibertat i tamb\u00e9 cap a l&#8217;adquisici\u00f3 de la seva personalitat pr\u00f2pia.<br \/>\nAmb aquesta pel.l\u00edcula. Agust\u00ed Virallonga d\u00f3na una embranzida i una orientaci\u00f3 identit\u00e0ria i realista al cinema catal\u00e0&#8230;<br \/>\nD&#8217;en\u00e7\u00e0 de la seva sortida oficial, \u00ab\u00a0Pa negre\u00a0\u00bb ha aconseguit 9 Goya \u2013 atorgats per l&#8217;estat espanyol -, 13 Gaud\u00ed \u2013 decernits per la Generalitat de Catalunya \u2013 i un premi molt remarcat al Festival de Cinema de San Sebastian.<br \/>\nEmili Teixidor \u2013 autor de \u00ab\u00a0Pa negre\u00a0\u00bb &#8211; va remportar el premi Joan Creixells al 2003 i el Premi Lletra d&#8217;Or al 2004.<br \/>\n\u00ab\u00a0Pa negre\u00a0\u00bb \u00e9s avui dia considerat\u00a0 com la novel.la m\u00e9s important, entre les publicades a Catalunya, durant aquests deu \u00faltims anys\u00a0.<a href=\"http:\/\/blogs.elpunt.cat\/joaniglesis\/files\/2011\/06\/Agust\u00ed-Villaronga.jpg\"><\/a><\/p>\n","protected":false},"excerpt":{"rendered":"<p>\u00a0 Agust\u00ed Virallonga, director de cinema, presenta &#8220;Pa negre&#8221; Dissabte 20 d&#8217;agost, a fi de tarda, Agust\u00ed Villaronga, director de cinema, i Isona Passola, productora\u00a0, van presentar la seva pel.l\u00edcula\u00a0 \u00ab\u00a0Pa negre\u00a0\u00a0\u00bb al cinema \u00ab\u00a0el Castellet\u00a0\u00bb, amb motiu de la &hellip; <a href=\"https:\/\/blogs.elpunt.cat\/joaniglesis\/2011\/08\/29\/amb-la-seva-pel-licula-%c2%ab%c2%a0pa-negre%c2%a0%c2%bb-agusti-villaronga-ofereix-la-seva-identitat-pregona-al-cinema-catala\/\">Continua llegint <span class=\"meta-nav\">&rarr;<\/span><\/a><\/p>\n","protected":false},"author":106,"featured_media":0,"comment_status":"open","ping_status":"closed","sticky":false,"template":"","format":"standard","meta":{"footnotes":""},"categories":[34],"tags":[],"class_list":["post-22","post","type-post","status-publish","format-standard","hentry","category-general"],"jetpack_featured_media_url":"","_links":{"self":[{"href":"https:\/\/blogs.elpunt.cat\/joaniglesis\/wp-json\/wp\/v2\/posts\/22","targetHints":{"allow":["GET"]}}],"collection":[{"href":"https:\/\/blogs.elpunt.cat\/joaniglesis\/wp-json\/wp\/v2\/posts"}],"about":[{"href":"https:\/\/blogs.elpunt.cat\/joaniglesis\/wp-json\/wp\/v2\/types\/post"}],"author":[{"embeddable":true,"href":"https:\/\/blogs.elpunt.cat\/joaniglesis\/wp-json\/wp\/v2\/users\/106"}],"replies":[{"embeddable":true,"href":"https:\/\/blogs.elpunt.cat\/joaniglesis\/wp-json\/wp\/v2\/comments?post=22"}],"version-history":[{"count":6,"href":"https:\/\/blogs.elpunt.cat\/joaniglesis\/wp-json\/wp\/v2\/posts\/22\/revisions"}],"predecessor-version":[{"id":30,"href":"https:\/\/blogs.elpunt.cat\/joaniglesis\/wp-json\/wp\/v2\/posts\/22\/revisions\/30"}],"wp:attachment":[{"href":"https:\/\/blogs.elpunt.cat\/joaniglesis\/wp-json\/wp\/v2\/media?parent=22"}],"wp:term":[{"taxonomy":"category","embeddable":true,"href":"https:\/\/blogs.elpunt.cat\/joaniglesis\/wp-json\/wp\/v2\/categories?post=22"},{"taxonomy":"post_tag","embeddable":true,"href":"https:\/\/blogs.elpunt.cat\/joaniglesis\/wp-json\/wp\/v2\/tags?post=22"}],"curies":[{"name":"wp","href":"https:\/\/api.w.org\/{rel}","templated":true}]}}